{"id":5577,"date":"2023-11-14T15:05:46","date_gmt":"2023-11-14T19:05:46","guid":{"rendered":"https:\/\/betodoisaum.com.br\/site\/?p=5577"},"modified":"2023-11-14T15:07:13","modified_gmt":"2023-11-14T19:07:13","slug":"mt-amplia-rota-comercial-com-india-e-deputado-destaca-intercambio-tecnologico","status":"publish","type":"post","link":"https:\/\/betodoisaum.com.br\/site\/mt-amplia-rota-comercial-com-india-e-deputado-destaca-intercambio-tecnologico\/","title":{"rendered":"MT amplia rota comercial com \u00cdndia e deputado destaca interc\u00e2mbio tecnol\u00f3gico"},"content":{"rendered":"\n<p>Apesar das dist\u00e2ncias geogr\u00e1ficas e diferen\u00e7as culturais, o Brasil e a \u00cdndia t\u00eam interesses econ\u00f4micos em comum e devem partilhar experi\u00eancias e ampliar o com\u00e9rcio. De acordo com o deputado Beto Dois a Um (PSB), Mato Grosso avan\u00e7ou nessa miss\u00e3o e a comitiva liderada pelo governador Mauro Mendes (UB) garantiu n\u00e3o apenas estreitar la\u00e7os culturais com o pa\u00eds, como tamb\u00e9m iniciar e ampliar parcerias na agropecu\u00e1ria. A comitiva est\u00e1 em Nova Delhi, nesta ter\u00e7a (14.11), e participa da 42\u00ba Feira Internacional da \u00cdndia.<\/p>\n\n\n\n<p>\u201cBrasil e a \u00cdndia fazem parte do Brics e n\u00f3s viemos com o objetivo claro de aproveitar os mecanismos de coopera\u00e7\u00e3o que j\u00e1 existem para mostrar as potencialidades de MT e tamb\u00e9m conhecer melhor esse importante parceiro comercial. Afinal, estamos falando de um pa\u00eds exuberante em riquezas, tanto naturais quanto humanas, e em ritmo avan\u00e7ado de desenvolvimento. Temos muito a aprender e tamb\u00e9m a muito a oferecer\u201d, explicou o deputado.<\/p>\n\n\n\n<p>A \u00cdndia figura na quinta posi\u00e7\u00e3o na economia mundial e tem Produto Interno Bruto (PIB) de 3,25 trilh\u00f5es de d\u00f3lares, segundo os dados do Fundo Monet\u00e1rio Internacional (FMI). Assim como o Brasil, \u00e9 uma na\u00e7\u00e3o emergente em desenvolvimento, sendo um dos membros do grupo econ\u00f4mico dos Brics, integrado tamb\u00e9m por Brasil, R\u00fassia, China e \u00c1frica do Sul.<\/p>\n\n\n\n<p>Os principais desafios do pa\u00eds, que em abril de 2023 superou a China atingindo popula\u00e7\u00e3o de 1,425 bilh\u00e3o de pessoas, est\u00e3o em \u00e1reas sociais e econ\u00f4micas. Isso porque quase metade da m\u00e3o de obra est\u00e1 concentra no setor prim\u00e1rio, na agricultura, com destaque para cana-de-a\u00e7\u00facar, arroz, milho e frutas e hortali\u00e7as.<\/p>\n\n\n\n<p>No entanto, o pa\u00eds vem apresentando crescimento industrial e a regi\u00e3o de Bangalore concentra alta produ\u00e7\u00e3o de tecnologia de ponta, conhecida como Vale do Sil\u00edcio indiano.<\/p>\n\n\n\n<p>\u201cVimos que nossos produtos podem ser bem aceitos pela \u00cdndia, um pa\u00eds gigante e com uma popula\u00e7\u00e3o de consumidores para produtos do agro, tanto em rela\u00e7\u00e3o \u00e0 produ\u00e7\u00e3o de gr\u00e3os quanto na produ\u00e7\u00e3o de prote\u00edna animal. Pois ainda que uma enorme parcela da popula\u00e7\u00e3o seja vegetariana, por raz\u00f5es religiosas, h\u00e1 uma outra parcela que consome carnes e pode recebem muito bem nossa produ\u00e7\u00e3o. Al\u00e9m disso, acredito que o com\u00e9rcio bilateral vai possibilitar ainda o interc\u00e2mbio de tecnologia\u201d, avalia Beto.<\/p>\n","protected":false},"excerpt":{"rendered":"<p>A comitiva est\u00e1 em Nova Delhi, nesta ter\u00e7a (14.11), e participa da 42\u00ba Feira Internacional da \u00cdndia.<\/p>\n","protected":false},"author":9,"featured_media":5578,"comment_status":"open","ping_status":"open","sticky":false,"template":"","format":"standard","meta":{"_acf_changed":false,"footnotes":""},"categories":[27,16,21,74,23,12,17],"tags":[36,50,37],"municipio":[],"class_list":["post-5577","post","type-post","status-publish","format-standard","has-post-thumbnail","hentry","category-carrousel","category-comercio","category-cultura","category-economia","category-empreendedorismo","category-geral","category-industria","tag-20legislatura","tag-mandato","tag-politica"],"acf":[],"_links":{"self":[{"href":"https:\/\/betodoisaum.com.br\/site\/wp-json\/wp\/v2\/posts\/5577","targetHints":{"allow":["GET"]}}],"collection":[{"href":"https:\/\/betodoisaum.com.br\/site\/wp-json\/wp\/v2\/posts"}],"about":[{"href":"https:\/\/betodoisaum.com.br\/site\/wp-json\/wp\/v2\/types\/post"}],"author":[{"embeddable":true,"href":"https:\/\/betodoisaum.com.br\/site\/wp-json\/wp\/v2\/users\/9"}],"replies":[{"embeddable":true,"href":"https:\/\/betodoisaum.com.br\/site\/wp-json\/wp\/v2\/comments?post=5577"}],"version-history":[{"count":0,"href":"https:\/\/betodoisaum.com.br\/site\/wp-json\/wp\/v2\/posts\/5577\/revisions"}],"wp:featuredmedia":[{"embeddable":true,"href":"https:\/\/betodoisaum.com.br\/site\/wp-json\/wp\/v2\/media\/5578"}],"wp:attachment":[{"href":"https:\/\/betodoisaum.com.br\/site\/wp-json\/wp\/v2\/media?parent=5577"}],"wp:term":[{"taxonomy":"category","embeddable":true,"href":"https:\/\/betodoisaum.com.br\/site\/wp-json\/wp\/v2\/categories?post=5577"},{"taxonomy":"post_tag","embeddable":true,"href":"https:\/\/betodoisaum.com.br\/site\/wp-json\/wp\/v2\/tags?post=5577"},{"taxonomy":"municipio","embeddable":true,"href":"https:\/\/betodoisaum.com.br\/site\/wp-json\/wp\/v2\/municipio?post=5577"}],"curies":[{"name":"wp","href":"https:\/\/api.w.org\/{rel}","templated":true}]}}