{"id":6049,"date":"2023-11-27T12:00:56","date_gmt":"2023-11-27T16:00:56","guid":{"rendered":"https:\/\/betodoisaum.com.br\/site\/?p=6049"},"modified":"2023-11-27T12:07:44","modified_gmt":"2023-11-27T16:07:44","slug":"pista-com-745-m%c2%b2-garante-seguranca-a-skatistas-e-deve-ser-palco-de-novos-talentos","status":"publish","type":"post","link":"https:\/\/betodoisaum.com.br\/site\/pista-com-745-m%c2%b2-garante-seguranca-a-skatistas-e-deve-ser-palco-de-novos-talentos\/","title":{"rendered":"Pista com 745 m\u00b2 garante seguran\u00e7a a skatistas e deve ser palco de novos talentos"},"content":{"rendered":"\n<p><\/p>\n\n\n\n<p>O sonho de uma estrutura adequada para a pr\u00e1tica do skate se tornou real para quem ama o esporte em Sorriso. Foi inaugurada a esperada pista de skate da Pra\u00e7a da Juventude com a presen\u00e7a de autoridades que fizeram quest\u00e3o de enfatizar o papel importante desse esporte para a sa\u00fade f\u00edsica e mental dos jovens. A pista \u00e9 fruto de conv\u00eanio entre a Prefeitura de Sorriso e Governo do Estado, por meio da Secretaria de Cultura, Esporte e Lazer (Secel).<\/p>\n\n\n\n<p>A estrutura de quase 745 m\u00b2 conta com \u00e1rea para half-pipes, corrim\u00e3os, caixotes, rampas de vert, pir\u00e2mides, piscinas, e outros tipos de obst\u00e1culos. A ordem de servi\u00e7o foi or\u00e7ada em R$ 559.843,27.<\/p>\n\n\n\n<p>O ambiente de empolga\u00e7\u00e3o com o novo espa\u00e7o levou o skatista Ac\u00e1cio, um dos representantes do skate em Sorriso, a acompanhar atento toda a solenidade. Ac\u00e1cio explicou que o esporte promove o fortalecimento de v\u00ednculos de amizade e valores sociais positivos para quem v\u00ea no skate uma forma saud\u00e1vel de se desenvolver. Ele agradeceu o trabalho de autoridades interessadas em ajudar a promover a pr\u00e1tica do skate.<\/p>\n\n\n\n<p>\u201cEssa estrutura que estamos vendo aqui \u00e9 de primeira e estamos felizes demais porque \u00e9 t\u00e3o dif\u00edcil ver o skate receber essa aten\u00e7\u00e3o. Quero agradecer o deputado Beto Dois a Um, que \u00e9 um grande incentivador do esporte\u201d, disse o jovem.<\/p>\n\n\n\n<figure class=\"wp-block-image size-large\"><img fetchpriority=\"high\" decoding=\"async\" width=\"768\" height=\"1024\" src=\"https:\/\/betodoisaum.com.br\/site\/wp-content\/uploads\/2023\/11\/WhatsApp-Image-2023-11-27-at-11.53.39-1-768x1024.webp\" alt=\"\" class=\"wp-image-6057\" srcset=\"https:\/\/betodoisaum.com.br\/site\/wp-content\/uploads\/2023\/11\/WhatsApp-Image-2023-11-27-at-11.53.39-1-768x1024.webp 768w, https:\/\/betodoisaum.com.br\/site\/wp-content\/uploads\/2023\/11\/WhatsApp-Image-2023-11-27-at-11.53.39-1-225x300.webp 225w, https:\/\/betodoisaum.com.br\/site\/wp-content\/uploads\/2023\/11\/WhatsApp-Image-2023-11-27-at-11.53.39-1-1152x1536.webp 1152w, https:\/\/betodoisaum.com.br\/site\/wp-content\/uploads\/2023\/11\/WhatsApp-Image-2023-11-27-at-11.53.39-1-1536x2048.webp 1536w, https:\/\/betodoisaum.com.br\/site\/wp-content\/uploads\/2023\/11\/WhatsApp-Image-2023-11-27-at-11.53.39-1-scaled.webp 1920w\" sizes=\"(max-width: 768px) 100vw, 768px\" \/><\/figure>\n\n\n\n<p>O prefeito Ari Lafin (MDB) tamb\u00e9m n\u00e3o escondeu a alegria com \u201ca realiza\u00e7\u00e3o de um sonho\u201d e, ao lado do deputado Bato Dois a Um (PSB), do secret\u00e1rio de Esporte J\u00fanior Brand\u00e3o, do secret\u00e1rio de Estado de Cultura, Esporte e Lazer, Jefferson Neves, do adjunto David Moura, do vereador Diogo Kriguer entre outras autoridades, fez quest\u00e3o de parabenizar todos os envolvidos nessa conquista.<\/p>\n\n\n\n<p>\u201cEu, o governador Mauro Mendes e o prefeito Ari compartilhamos esse sonho de concretizar uma moderna pista de skate. \u00c9 que ao mesmo tempo que esse espa\u00e7o \u00e9 um local de conviv\u00eancia, ele pode ser o palco para o surgimento de novos talentos que v\u00e3o levar o nome de Mato Grosso onde estiverem. Quero ainda parabenizar o empenho da primeira-dama Virginia Mendes e do vice-governador Otaviano Pivetta, al\u00e9m do secret\u00e1rio Jefferson Neves, que sempre acolhem as demandas do esporte com muito carinho\u201d, afirmou o deputado.<\/p>\n\n\n\n<p>A solenidade de entrega ocorreu na \u00faltima sexta (24) e a comitiva tamb\u00e9m acompanhou a abertura dos Jogos Abertos Mato-grossenses.<\/p>\n\n\n\n<figure class=\"wp-block-image size-large\"><img decoding=\"async\" width=\"1024\" height=\"768\" src=\"https:\/\/betodoisaum.com.br\/site\/wp-content\/uploads\/2023\/11\/WhatsApp-Image-2023-11-27-at-11.46.59-1-1024x768.webp\" alt=\"\" class=\"wp-image-6058\" srcset=\"https:\/\/betodoisaum.com.br\/site\/wp-content\/uploads\/2023\/11\/WhatsApp-Image-2023-11-27-at-11.46.59-1-1024x768.webp 1024w, https:\/\/betodoisaum.com.br\/site\/wp-content\/uploads\/2023\/11\/WhatsApp-Image-2023-11-27-at-11.46.59-1-300x225.webp 300w, https:\/\/betodoisaum.com.br\/site\/wp-content\/uploads\/2023\/11\/WhatsApp-Image-2023-11-27-at-11.46.59-1-768x576.webp 768w, https:\/\/betodoisaum.com.br\/site\/wp-content\/uploads\/2023\/11\/WhatsApp-Image-2023-11-27-at-11.46.59-1-1536x1152.webp 1536w, https:\/\/betodoisaum.com.br\/site\/wp-content\/uploads\/2023\/11\/WhatsApp-Image-2023-11-27-at-11.46.59-1-2048x1536.webp 2048w\" sizes=\"(max-width: 1024px) 100vw, 1024px\" \/><\/figure>\n\n\n\n<p><strong>Pista de Atletismo<\/strong><\/p>\n\n\n\n<p>Durante a visita ao munic\u00edpio, o deputado Beto Dois a Um esteve reunido com membros da gest\u00e3o do prefeito Ari Lafin para discutir a constru\u00e7\u00e3o de uma pista de atletismo em Sorriso. A demanda foi apresentada pela equipe do secret\u00e1rio municipal de Esporte J\u00fanior Brand\u00e3o.<\/p>\n\n\n\n<p>De acordo com Beto, a ideia \u00e9 \u201cespetacular e queremos correr atr\u00e1s de formas de viabilizar esse projeto porque acredito que com a estrutura para a pr\u00e1tica do esporte, vamos oferecer \u00e0s pessoas condi\u00e7\u00f5es de sonhar e construir hist\u00f3rias de vit\u00f3rias. \u00c9 uma semana que d\u00e1 frutos, tenho certeza\u201d.<\/p>\n\n\n\n<p>A reuni\u00e3o foi acompanhada pelo presidente da Confedera\u00e7\u00e3o Brasileira de Atletismo, Wlamir Motta.<\/p>\n\n\n\n<p><em>Fotos: Rafael Rosa<\/em><\/p>\n","protected":false},"excerpt":{"rendered":"<p>A obra \u00e9 fruto de conv\u00eanio entre a Prefeitura de Sorriso e Governo do Estado, por meio da Secretaria de Cultura, Esporte e Lazer (Secel).<\/p>\n","protected":false},"author":9,"featured_media":6052,"comment_status":"open","ping_status":"open","sticky":false,"template":"","format":"standard","meta":{"_acf_changed":false,"footnotes":""},"categories":[27,21,74,15,12,20],"tags":[35,43,50,37],"municipio":[70],"class_list":["post-6049","post","type-post","status-publish","format-standard","has-post-thumbnail","hentry","category-carrousel","category-cultura","category-economia","category-esporte","category-geral","category-inclusao","tag-assembleia-legislativa","tag-esporte","tag-mandato","tag-politica","municipio-sorriso"],"acf":[],"_links":{"self":[{"href":"https:\/\/betodoisaum.com.br\/site\/wp-json\/wp\/v2\/posts\/6049","targetHints":{"allow":["GET"]}}],"collection":[{"href":"https:\/\/betodoisaum.com.br\/site\/wp-json\/wp\/v2\/posts"}],"about":[{"href":"https:\/\/betodoisaum.com.br\/site\/wp-json\/wp\/v2\/types\/post"}],"author":[{"embeddable":true,"href":"https:\/\/betodoisaum.com.br\/site\/wp-json\/wp\/v2\/users\/9"}],"replies":[{"embeddable":true,"href":"https:\/\/betodoisaum.com.br\/site\/wp-json\/wp\/v2\/comments?post=6049"}],"version-history":[{"count":0,"href":"https:\/\/betodoisaum.com.br\/site\/wp-json\/wp\/v2\/posts\/6049\/revisions"}],"wp:featuredmedia":[{"embeddable":true,"href":"https:\/\/betodoisaum.com.br\/site\/wp-json\/wp\/v2\/media\/6052"}],"wp:attachment":[{"href":"https:\/\/betodoisaum.com.br\/site\/wp-json\/wp\/v2\/media?parent=6049"}],"wp:term":[{"taxonomy":"category","embeddable":true,"href":"https:\/\/betodoisaum.com.br\/site\/wp-json\/wp\/v2\/categories?post=6049"},{"taxonomy":"post_tag","embeddable":true,"href":"https:\/\/betodoisaum.com.br\/site\/wp-json\/wp\/v2\/tags?post=6049"},{"taxonomy":"municipio","embeddable":true,"href":"https:\/\/betodoisaum.com.br\/site\/wp-json\/wp\/v2\/municipio?post=6049"}],"curies":[{"name":"wp","href":"https:\/\/api.w.org\/{rel}","templated":true}]}}