{"id":6236,"date":"2023-11-28T10:32:03","date_gmt":"2023-11-28T14:32:03","guid":{"rendered":"https:\/\/betodoisaum.com.br\/site\/?p=6236"},"modified":"2023-11-28T11:12:33","modified_gmt":"2023-11-28T15:12:33","slug":"deputado-entrega-honrarias-em-sessao-especial-na-almt","status":"publish","type":"post","link":"https:\/\/betodoisaum.com.br\/site\/deputado-entrega-honrarias-em-sessao-especial-na-almt\/","title":{"rendered":"Deputado homenageia personalidades de MT em sess\u00e3o especial na AL"},"content":{"rendered":"\n<p>O Plen\u00e1rio da Assembleia Legislativa ficou lotado na noite da \u00faltima segunda (27.11). A celebra\u00e7\u00e3o e a alegria envolveram os presentes na sess\u00e3o especial que homenageou personalidades de destaque para Mato Grosso. O evento foi iniciativa do deputado Beto Dois a Um (PSB) que reuniu desde figuras pol\u00edticas a membros da classe art\u00edstica e empres\u00e1rios para entrega de t\u00edtulos de cidadania e comendas.<\/p>\n\n\n\n<p>Entre os homenageados estiveram o governador Mauro Mendes (UB), agraciado com a maior honraria concedida pelo Legislativo, a Comenda Filinto Muller, e a primeira-dama Viginia Mendes, que recebeu o Pr\u00eamio Estadual de Direitos Humanos Padre Jos\u00e9 Ten Cate.<\/p>\n\n\n\n<p>O parlamentar agradeceu a presen\u00e7a de todos e disse estar emocionado por ter a oportunidade de homenagear personalidades de v\u00e1rios segmentos da sociedade.<\/p>\n\n\n\n<p>\u201cLogo que cheguei uma pessoa comentou nunca ter visto um governador receber essa comenda e eu aproveito para agradecer todo o apoio que recebi do governador Mauro Mendes. Falo com muito orgulho que a minha vida p\u00fablica aprendi muito ao lado do Mauro. Assim como aprendi e aprendo muito com a primeira-dama Virginia Mendes, seja na prefeitura, seja no governo do estado, seja com os colegas secret\u00e1rios que estiveram ao nosso lado\u201d, declarou Beto.<\/p>\n\n\n\n<p>O governador falou da alegria em receber a Comenda e destacou que ele tamb\u00e9m se sente feliz em ver o trabalho da esposa na \u00e1rea social ser reconhecido no Legislativo. \u201c\u00c9 uma noite de gratid\u00e3o, esse \u00e9 o sentimento que resume esse reconhecimento\u201d, afirmou.<\/p>\n\n\n\n<p>Mauro lembrou da sua hist\u00f3ria com o deputado, que fez parte da sua gest\u00e3o quando foi prefeito de Cuiab\u00e1 e ao longo do primeiro mandato como governador. \u201cBeto \u00e9 um grande parceiro, durante quatro anos foi parceiro no Governo quando esteve como secret\u00e1rio de Estado, foi nosso parceiro quando estivemos \u00e0 frente do Executivo, e agora como deputado estadual tem sido muito importante\u201d, afirmou.<\/p>\n\n\n\n<p>Nova cidad\u00e3 mato-grossense, a primeira-dama Nova Mutum Aline Lucia Da Silva Pereira fez um discurso comovida. Ela contou que a vida pol\u00edtica nunca havia feito parte dos seus planos, \u201cpelo contr\u00e1rio, sempre evitei, mas quando a vida foi me apresentando formas de ajudar as pessoas, seja por meio da atividade religiosa, seja por meio da vida p\u00fablica, compreendi que estava sendo conduzida para um lugar onde poderia fazer mais pelas pessoas e estou muito feliz de receber esse t\u00edtulo\u201d.<\/p>\n\n\n\n<p>Al\u00e9m de Mauro e Virg\u00ednia, foram homenageados Roberto Raimundo Pinheiro Delmondes, que recebeu a Comenda Dante de Oliveira, Mauro Carvalho Junior com a Comenda Marechal C\u00e2ndido Rondon, Edson Luiz Manfrin com a Medalha Jo\u00e3o Batista Jaudy de Honra ao M\u00e9rito Esportivo e Jos\u00e9 Paulo da Motta Traven com a Medalha Lenine P\u00f3voas de Honra ao M\u00e9rito Cultural.<\/p>\n\n\n\n<p>Receberam T\u00edtulos de Cidad\u00e3os Mato-grossenses: M\u00e1rcio Barreto de Oliveira, Wanderlene Firmino Bravo, Jeferson Conturbia Neves, Adriano Moura Rocha, Emanuelle Chiaradia Navarro Mano, Enilson de Castro Souza, Rodrigo Ribeiro Ver\u00e3o, Jos\u00e9 Batista Ferreira Dos Santos, Ruthlenny Semiramys Araujo Da Silva, Ant\u00f4nio Jos\u00e9 Mendes Neto, Aline Lucia Da Silva Pereira, Maciel Da Silva Sousa, Edinaldo Nogueira De Souza, Fl\u00e1vio Vianna de Ulh\u00f4a Canto, Laudenor Francisco Torres, Franciano Renato Perego, Natasha Pinheiro Crepaldi, Ercy Alberto Machado, T\u00e2nia Maria Alves Machado, Jos\u00e9 Gomes Da Silva, Ant\u00f4nio Duarte De Figueiredo Neto, Fl\u00e1vio Donizete Dos Santos, Lucas Rodrigues Dos Santos, Paola Cristina Rios Pereira Fernandes, Celso Mitsunari, Adair Boito, Elisa Marlene Bertoldo Luccini, Nilton Haragushiku, Pablo Rodrigo de S\u00e1 Brito, Ednilson Valcanaia, Fausto Scholl, Germano Hermann Scholl e \u00c9derson Figueiredo.<\/p>\n\n\n\n<div class=\"wp-block-columns is-layout-flex wp-container-core-columns-is-layout-28f84493 wp-block-columns-is-layout-flex\">\n<div class=\"wp-block-column is-layout-flow wp-block-column-is-layout-flow\">\n<p class=\"has-black-color has-luminous-vivid-amber-background-color has-text-color has-background has-link-color has-small-font-size wp-elements-04b0fa7dfd81b1293cb557f714f10dfa\">Galeria de Fotos<\/p>\n\n\n\n<div class=\"wp-block-cover aligncenter\" style=\"min-height:286px;aspect-ratio:unset;\"><span aria-hidden=\"true\" class=\"wp-block-cover__background has-background-dim\"><\/span><img fetchpriority=\"high\" decoding=\"async\" width=\"1024\" height=\"683\" class=\"wp-block-cover__image-background wp-image-6118\" alt=\"\" src=\"https:\/\/betodoisaum.com.br\/site\/wp-content\/uploads\/2023\/11\/DSC_1574-20231128-1024x683.webp\" data-object-fit=\"cover\" srcset=\"https:\/\/betodoisaum.com.br\/site\/wp-content\/uploads\/2023\/11\/DSC_1574-20231128-1024x683.webp 1024w, https:\/\/betodoisaum.com.br\/site\/wp-content\/uploads\/2023\/11\/DSC_1574-20231128-300x200.webp 300w, https:\/\/betodoisaum.com.br\/site\/wp-content\/uploads\/2023\/11\/DSC_1574-20231128-768x512.webp 768w, https:\/\/betodoisaum.com.br\/site\/wp-content\/uploads\/2023\/11\/DSC_1574-20231128-1536x1024.webp 1536w, https:\/\/betodoisaum.com.br\/site\/wp-content\/uploads\/2023\/11\/DSC_1574-20231128-2048x1365.webp 2048w\" sizes=\"(max-width: 1024px) 100vw, 1024px\" \/><div class=\"wp-block-cover__inner-container is-layout-flow wp-block-cover-is-layout-flow\">\n<p class=\"has-text-align-center has-white-color has-text-color has-link-color wp-elements-88fad1b23e7c2185fd49f697da2d20ec\" style=\"font-size:15px\"><a href=\"https:\/\/betodoisaum.com.br\/site\/galeria-de-foto\/entregas-de-honrarias\/\" target=\"_blank\" rel=\"noreferrer noopener\">Clique aqui<\/a><\/p>\n<\/div><\/div>\n<\/div>\n\n\n\n<div class=\"wp-block-column is-layout-flow wp-block-column-is-layout-flow\">\n<p class=\"has-luminous-vivid-amber-color has-black-background-color has-text-color has-background has-link-color has-small-font-size wp-elements-52e67623c7f7175dbac6d4eeab18e6e3\">Mais Fotos<\/p>\n\n\n\n<div class=\"wp-block-cover\" style=\"min-height:281px;aspect-ratio:unset;\"><span aria-hidden=\"true\" class=\"wp-block-cover__background has-background-dim\"><\/span><img decoding=\"async\" class=\"wp-block-cover__image-background\" alt=\"\" src=\"https:\/\/storage.al.mt.gov.br\/api\/v1\/download\/image\/630370?width=1300px&amp;quality=80\" data-object-fit=\"cover\"\/><div class=\"wp-block-cover__inner-container is-layout-flow wp-block-cover-is-layout-flow\">\n<p class=\"has-text-align-center has-white-color has-text-color has-link-color wp-elements-11c3d799cae7a33cbbd9574af7cbea60\" style=\"font-size:15px\"><a href=\"https:\/\/www.al.mt.gov.br\/midia\/album\/sessao-especial-para-entrega-de-honrarias-e-titulos-de-cidadao-mato-grossense\/visualizar\" target=\"_blank\" rel=\"noreferrer noopener\">Clique aqui<\/a><\/p>\n<\/div><\/div>\n<\/div>\n<\/div>\n","protected":false},"excerpt":{"rendered":"<p>Entre os homenageados estiveram o governador Mauro Mendes (UB), agraciado com a maior honraria concedida pelo Legislativo, a Comenda Filinto Muller, e a primeira-dama Viginia Mendes, que recebeu o Pr\u00eamio Estadual de Direitos Humanos Padre Jos\u00e9 Ten Cate.<\/p>\n","protected":false},"author":9,"featured_media":6126,"comment_status":"open","ping_status":"open","sticky":false,"template":"","format":"standard","meta":{"_acf_changed":false,"footnotes":""},"categories":[27,12],"tags":[36,35,43,49],"municipio":[72,68,69,65,71],"class_list":["post-6236","post","type-post","status-publish","format-standard","has-post-thumbnail","hentry","category-carrousel","category-geral","tag-20legislatura","tag-assembleia-legislativa","tag-esporte","tag-projeto-de-lei","municipio-alto-araguaia","municipio-barra-do-garcas","municipio-colider","municipio-cuiaba","municipio-porto-esperidiao"],"acf":[],"_links":{"self":[{"href":"https:\/\/betodoisaum.com.br\/site\/wp-json\/wp\/v2\/posts\/6236","targetHints":{"allow":["GET"]}}],"collection":[{"href":"https:\/\/betodoisaum.com.br\/site\/wp-json\/wp\/v2\/posts"}],"about":[{"href":"https:\/\/betodoisaum.com.br\/site\/wp-json\/wp\/v2\/types\/post"}],"author":[{"embeddable":true,"href":"https:\/\/betodoisaum.com.br\/site\/wp-json\/wp\/v2\/users\/9"}],"replies":[{"embeddable":true,"href":"https:\/\/betodoisaum.com.br\/site\/wp-json\/wp\/v2\/comments?post=6236"}],"version-history":[{"count":0,"href":"https:\/\/betodoisaum.com.br\/site\/wp-json\/wp\/v2\/posts\/6236\/revisions"}],"wp:featuredmedia":[{"embeddable":true,"href":"https:\/\/betodoisaum.com.br\/site\/wp-json\/wp\/v2\/media\/6126"}],"wp:attachment":[{"href":"https:\/\/betodoisaum.com.br\/site\/wp-json\/wp\/v2\/media?parent=6236"}],"wp:term":[{"taxonomy":"category","embeddable":true,"href":"https:\/\/betodoisaum.com.br\/site\/wp-json\/wp\/v2\/categories?post=6236"},{"taxonomy":"post_tag","embeddable":true,"href":"https:\/\/betodoisaum.com.br\/site\/wp-json\/wp\/v2\/tags?post=6236"},{"taxonomy":"municipio","embeddable":true,"href":"https:\/\/betodoisaum.com.br\/site\/wp-json\/wp\/v2\/municipio?post=6236"}],"curies":[{"name":"wp","href":"https:\/\/api.w.org\/{rel}","templated":true}]}}