{"id":6645,"date":"2023-12-18T07:00:36","date_gmt":"2023-12-18T11:00:36","guid":{"rendered":"https:\/\/betodoisaum.com.br\/site\/?p=6645"},"modified":"2023-12-17T21:50:24","modified_gmt":"2023-12-18T01:50:24","slug":"durante-1o-ano-na-al-beto-deixa-sua-marca-e-reforca-politica-e-saber-ouvir-as-pessoas","status":"publish","type":"post","link":"https:\/\/betodoisaum.com.br\/site\/durante-1o-ano-na-al-beto-deixa-sua-marca-e-reforca-politica-e-saber-ouvir-as-pessoas\/","title":{"rendered":"No 1\u00b0 ano na AL, Beto deixa sua marca e refor\u00e7a: \u201cPol\u00edtica \u00e9 saber ouvir as pessoas\u201d"},"content":{"rendered":"\n<p>O primeiro ano de mandato do deputado Beto Dois a Um foi preenchido com muito trabalho, o que n\u00e3o seria diferente para honrar n\u00e3o apenas os 26.462 votos que recebeu ao ser eleito, mas sim por todos os 3.658.813 habitantes de Mato Grosso.<\/p>\n\n\n\n<p>Os n\u00fameros s\u00e3o uma \u201cilustra\u00e7\u00e3o\u201d da garra e da determina\u00e7\u00e3o do parlamentar que chegou a atender mais de 3,2 mil pessoas em seu Gabinete, sem contar as viagens aos munic\u00edpios de todas as regi\u00f5es do estado.<\/p>\n\n\n\n<p>Ao todo, foram <strong><a href=\"https:\/\/www.al.mt.gov.br\/parlamento\/deputados\/401\/perfil\">947 proposi\u00e7\u00f5es<\/a><\/strong> apresentadas pelo parlamentar, dentre as quais s\u00e3o <strong>515<\/strong> indica\u00e7\u00f5es; <strong>350<\/strong> mo\u00e7\u00f5es; <strong>45<\/strong> projetos de resolu\u00e7\u00e3o; <strong>19 <\/strong>requerimentos e <strong>18<\/strong> projetos de lei. Em um ano de trabalho, Beto Dois a Um garantiu cinco leis e outros dois PL j\u00e1 est\u00e3o aprovados em segunda vota\u00e7\u00e3o e aguardam san\u00e7\u00e3o do governador Mauro Mendes. Foram <strong>3.295 atendimentos<\/strong> em\u00a0seu\u00a0Gabinete, apenas os cadastrados. Estima-se que o n\u00famero de atendimentos chegue a aproximadamente 5 mil em 2023.  <\/p>\n\n\n\n<p>Entre as leis aprovadas este ano est\u00e3o: Lei n\u00b0 12.290\/2023, que obriga a <a href=\"https:\/\/betodoisaum.com.br\/site\/lei-garante-direito-a-acompanhante-a-pessoas-com-deficiencia-em-espacos-de-lazer\/\"><strong>reserva de assento ao<\/strong> <strong>acompanhante de pessoa com defici\u00eancia<\/strong><\/a>; Lei n\u00b0 12.313\/2023, que declara utilidade p\u00fablica estadual a <strong><a href=\"https:\/\/betodoisaum.com.br\/site\/pontes-e-lacerda-projeto-de-lei-declara-de-utilidade-publica-associacao-pe-de-chumbo\/\">Associa\u00e7\u00e3o Atl\u00e9tica e Beneficente P\u00e9 de chumbo<\/a><\/strong>, em Pontes e Lacerda; Lei n\u00b0 12.285\/2023, que declara utilidade p\u00fablica estadual a <strong><a href=\"https:\/\/betodoisaum.com.br\/site\/projeto-de-lei-visa-declarar-de-utilidade-publica-associacao-de-equoterapia-de-araputanga\/\">Associa\u00e7\u00e3o de Equoterapia de Araputanga<\/a><\/strong>; Lei n\u00b0 12.337\/2023, que declara utilidade p\u00fablica estadual a <strong>Associa\u00e7\u00e3o da Cultura Hip-Hop de Rondon\u00f3polis<\/strong> (ACHHR).<\/p>\n\n\n\n<p>Aprovado o Projeto de Lei n\u00ba 1556\/2023, que cria o <strong>Conselho Estadual de Povos e Comunidades Tradicionais de MT<\/strong>. &#8220;Conquista grande que foi resultado do di\u00e1logo com setores da cultura e o Governo do Estado&#8221;, destaca. Tamb\u00e9m est\u00e1 em tramita\u00e7\u00e3o o PL Lei n\u00ba 2253\/2023 que trata do fomento a valoriza\u00e7\u00e3o da Cultura dos Povos e Comunidades Tradicionais de Matriz Africana e Afro-Brasileira de MT.<\/p>\n\n\n\n<p>Foi aprovado em segunda vota\u00e7\u00e3o, nesta quarta-feira (13.12), Projeto de Lei que institui no m\u00eas de novembro a realiza\u00e7\u00e3o da <a href=\"https:\/\/betodoisaum.com.br\/site\/semana-estadual-do-hip-hop-e-aprovada-na-al-e-texto-segue-para-sancao-do-governador\/\"><strong>Semana Estadual do Hip-Hop<\/strong><\/a>. A proposta segue agora para san\u00e7\u00e3o do governador para virar lei.<\/p>\n\n\n\n<p>Ainda, com experi\u00eancia no setor cultural, ex-secret\u00e1rio de Cultura de Mato Grosso, Beto liderou a articula\u00e7\u00e3o para os ajustes na Lei n\u00b0 12.082\/2023,<strong> <a href=\"https:\/\/betodoisaum.com.br\/site\/governo-de-mato-grosso-sanciona-lei-que-limita-gastos-publicos-com-shows-nacionais-e-valoriza-artistas-locais\/\">que limita valores oriundos de recursos p\u00fablicos estaduais para realiza\u00e7\u00e3o de shows e eventos<\/a><\/strong>, apresentado por lideran\u00e7as partid\u00e1rias. A aprova\u00e7\u00e3o foi por unanimidade.<\/p>\n\n\n\n<p>\u201cExercer a fun\u00e7\u00e3o de deputado estadual requer muita responsabilidade, sensibilidade para compreender as principais necessidades da popula\u00e7\u00e3o e determina\u00e7\u00e3o para realizar. Sou muito grato pela oportunidade, queria muito estar aqui, e agora que conseguimos, n\u00e3o descansarei. Vou honrar cada voto, minha miss\u00e3o \u00e9 contribuir para que Mato Grosso seja um estado cada vez mais justo\u201d, comemora Beto Dois a Um.<\/p>\n\n\n\n<p>Outro grande avan\u00e7o em seu primeiro ano de mandato foi a cria\u00e7\u00e3o da <strong><a href=\"https:\/\/betodoisaum.com.br\/site\/camara-setorial-tematica-da-cultura-e-instalada-na-almt-com-casa-cheia\/\">C\u00e2mara Setorial Tem\u00e1tica da Cultura<\/a><\/strong>, que est\u00e1 diagnosticando, avaliando e discutindo pol\u00edticas p\u00fablicas para o fortalecimento do setor da cultura em Mato Grosso e conta com representantes da classe art\u00edstica e cultural de todas as regi\u00f5es do estado. A CST da Cultura segue at\u00e9 o maio de 2024.<\/p>\n\n\n\n<p>\u201cDialogamos com todo o segmento, com trabalhadores da cultura, terceiro setor, Secretaria de Cultura, v\u00e1rios parlamentares, para que nos 12 meses de dura\u00e7\u00e3o da CST possamos provocar um debate amplo e assertivo e, junto com o Conselho Estadual de Cultura, nortear os caminhos da cultura para os pr\u00f3ximos anos. N\u00e3o podemos mais depender apenas da sorte, temos que criar pol\u00edticas p\u00fablicas poderosas para a cultura agora. E esse \u00e9 o melhor momento para isso\u201d, destaca do deputado Beto Dois a Um, presidente da CST da Cultura.<\/p>\n\n\n\n<p>Entre as <strong><a href=\"https:\/\/www.al.mt.gov.br\/proposicao\/?tipoPropositura=6&amp;autor=Beto%20Dois%20a%20Um\">515 indica\u00e7\u00f5es<\/a><\/strong> \u2013 quando o deputado encaminha demandas necess\u00e1rias para o Governo do Estado \u2013 destacam-se: Destina\u00e7\u00e3o de recursos para manuten\u00e7\u00e3o do Hospital Laura de Vicun\u00e3, no munic\u00edpio de Nobres; reforma do Hospital Municipal de Brasnorte, no munic\u00edpio de Brasnorte; reforma do Gin\u00e1sio Poliesportivo Anderson Pellin, no munic\u00edpio de Tapurah; recursos para custeio da Sa\u00fade do munic\u00edpio de Ita\u00faba; dois \u00f4nibus escolares para atender a Escola Militar Estadual de Primavera do Leste; disponibiliza\u00e7\u00e3o de um servidor M\u00e9dico Perito para a ag\u00eancia do INSS, no munic\u00edpio de Pontes e Lacerda; pavimenta\u00e7\u00e3o asf\u00e1ltica nas ruas do Bairro Jardim S\u00e3o Paulo, no munic\u00edpio de Mirassol D\u2019Oeste; caminh\u00e3o compactador de lixo para atender o munic\u00edpio de Figueir\u00f3polis D\u2019Oeste.<\/p>\n\n\n\n<p><strong>Esporte em alta<\/strong><\/p>\n\n\n\n<p>Sob articula\u00e7\u00e3o do deputado, foi inaugurada <strong><a href=\"https:\/\/betodoisaum.com.br\/site\/pista-com-745-m%c2%b2-garante-seguranca-a-skatistas-e-deve-ser-palco-de-novos-talentos\/\">pista de skate da Pra\u00e7a da Juventude em Sorriso<\/a><\/strong>, fruto de conv\u00eanio entre a Prefeitura e Governo do Estado, por meio da Secretaria de Cultura, Esporte e Lazer (Secel). A estrutura de quase 745 m\u00b2 conta com \u00e1rea para half-pipes, corrim\u00e3os, caixotes, rampas de vert, pir\u00e2mides, piscinas e outros tipos de obst\u00e1culos. Para 2024 h\u00e1 previs\u00e3o de construir uma Pista de Atletismo na regi\u00e3o.<\/p>\n\n\n\n<p>A equipe de engenharia do Gabinete elaborou o projeto para a Constru\u00e7\u00e3o de Pra\u00e7a de Esportes e Lazer, que j\u00e1 foi aprovado pelo Executivo e a implanta\u00e7\u00e3o est\u00e1 prevista para 2024.<\/p>\n\n\n\n<p>O deputado acompanhou de perto a aprova\u00e7\u00e3o da Lei 12.288\/2023 que trata de normas gerais sobre o Desporto. Iniciativa \u00e9 do Executivo.<\/p>\n\n\n\n<p><strong>Comiss\u00f5es Parlamentares <\/strong><\/p>\n\n\n\n<p>Beto Dois a Um participa atualmente de oito Comiss\u00f5es Parlamentares. Entre suplente e presidente, o deputado integra: <strong>Comiss\u00e3o de Trabalho e Administra\u00e7\u00e3o P\u00fablica<\/strong> (do qual \u00e9 presidente da comiss\u00e3o); <strong>Educa\u00e7\u00e3o, Ci\u00eancia, Tecnologia, Cultura e Desporto<\/strong> (Vice-Presidente); <strong>Ind\u00fastria, Com\u00e9rcio e Turismo <\/strong>(membro); <strong>Meio Ambiente, Recursos H\u00eddricos e Recursos Minerais<\/strong> (suplente); <strong>Defesa do Consumidor e do Contribuinte<\/strong> (suplente); <strong>Seguran\u00e7a P\u00fablica e Comunit\u00e1ria<\/strong> (membro); e <strong>Sa\u00fade, Previd\u00eancia e Assist\u00eancia Social<\/strong> (suplente).<\/p>\n\n\n\n<p>Al\u00e9m dessas, <strong>Comiss\u00e3o Parlamentar de Inqu\u00e9rito<\/strong> \u2013 CPI com a finalidade de investigar as <a href=\"https:\/\/betodoisaum.com.br\/site\/beto-dois-a-um-quer-evitar-apagao-telefonico-e-busca-solucao-para-distrito-de-barra\/\">prestadoras de servi\u00e7o de telefonia m\u00f3vel<\/a> com rela\u00e7\u00e3o \u00e0s elevadas tarifas cobradas, bem como acerca da m\u00e1 qualidade na presta\u00e7\u00e3o dos servi\u00e7os.<\/p>\n\n\n\n<p><strong>Honrarias <\/strong><\/p>\n\n\n\n<p>Em 2023 foram concedidas <strong>340 mo\u00e7\u00f5es<\/strong> propostas pelo deputado Beto Dois a Um. Entre as principais est\u00e3o as Mo\u00e7\u00f5es de Aplauso oferecidas para o artista pl\u00e1stico <strong><a href=\"https:\/\/betodoisaum.com.br\/site\/e-o-livro-da-minha-vida-estou-recompensado-pela-trajetoria-diz-humberto-espindola\/\">Humberto Espindola<\/a><\/strong>, para a cr\u00edtica de <strong>arte Aline Figueiredo<\/strong>, ao <strong><a href=\"https:\/\/betodoisaum.com.br\/site\/beto-dois-a-um-apresenta-mocao-de-aplauso-a-flor-ribeirinha\/\">Grupo Folcl\u00f3rico Flor Ribeirinha<\/a><\/strong>, \u00e0 <strong><a href=\"https:\/\/betodoisaum.com.br\/site\/sou-um-arauto-do-esporte-e-sei-que-esse-e-um-poderoso-fator-de-transformacao-social-diz-beto-dois-a-um-em-sessao-especial-dedicada-aos-profissionais-da-educacao-fisica\/\">57 profissionais da Educa\u00e7\u00e3o F\u00edsica<\/a><\/strong>.<\/p>\n\n\n\n<p>Ainda concedeu ao governador de Mato Grosso, Mauro Mendes (Uni\u00e3o Brasil) a <a href=\"https:\/\/betodoisaum.com.br\/site\/deputado-entrega-honrarias-em-sessao-especial-na-almt\/\"><strong>Comenda Filinto M\u00fcller<\/strong> <\/a>e o <strong><a href=\"https:\/\/betodoisaum.com.br\/site\/deputado-entrega-honrarias-em-sessao-especial-na-almt\/\">Pr\u00eamio Estadual de Direitos Humanos Padre Jos\u00e9 Ten Cate<\/a> <\/strong>\u00e0 primeira-dama Virg\u00ednia Mendes.<\/p>\n\n\n\n<p><strong>Para al\u00e9m do gabinete 218<\/strong><\/p>\n\n\n\n<p>O deputado faz quest\u00e3o de ir at\u00e9 os munic\u00edpios conhecer as demandas e, junto de sua equipe, foram visitados <strong>124 munic\u00edpios<\/strong>, entre eles Ju\u00edna, Nova Mutum, Pocon\u00e9, C\u00e1ceres, Santo Ant\u00f4nio de Leverger, Campo Verde, Barra do Gar\u00e7as, Col\u00edder, Sorriso, Lucas do Rio Verde, Ita\u00faba, Porto Esperidi\u00e3o, Ros\u00e1rio Oeste, Figueir\u00f3polis, Araputanga, entre outros.<\/p>\n\n\n\n<p>\u201cUma das pr\u00e1ticas que mais tenho pavor na pol\u00edtica \u00e9 quando o pol\u00edtico visita os lugares, bairros, comunidades, munic\u00edpios apenas \u00e0s v\u00e9speras da campanha. Eu adoro viajar por Mato Grosso, que \u00e9 lindo, adoro conversar, ver gente. Por isso, enquanto eu for deputado, estarei sempre na estrada visitando lugares e entendendo de perto as necessidades do nosso povo\u201d, declara Beto Dois a Um.<\/p>\n\n\n\n<p>O parlamentar ainda levou o nome de MT para o mundo durante viagens focadas na divulga\u00e7\u00e3o dos nossos atrativos econ\u00f4micos, tur\u00edsticos e culturais aos <strong>EUA<\/strong>, <strong><a href=\"https:\/\/betodoisaum.com.br\/site\/deputado-visita-fabricante-de-veiculos-eletricos-na-china-e-ve-viabilidade-para-mt\/\">China<\/a><\/strong> e <strong><a href=\"https:\/\/betodoisaum.com.br\/site\/mt-amplia-rota-comercial-com-india-e-deputado-destaca-intercambio-tecnologico\/\">\u00cdndia<\/a><\/strong> representando a ALMT.<\/p>\n\n\n\n<p><strong>Capacita\u00e7\u00e3o<\/strong><\/p>\n\n\n\n<p>O Workshop \u201c<a href=\"https:\/\/betodoisaum.com.br\/site\/beto-dois-a-um-reune-170-liderancas-politicas-em-evento-sobre-planejamento-de-campanha\/\">Planejamento e comunica\u00e7\u00e3o para campanhas<\/a>\u201d reuniu mais de 170 agentes pol\u00edticos de todas as regi\u00f5es de MT. A atividade foi ministrada por Marcelo Vitorino e Mariana Bonjour, no Cine Teatro Cuiab\u00e1, em outubro.<\/p>\n","protected":false},"excerpt":{"rendered":"<p>Deputado estreou no Legislativo mostrando que garra, sensibilidade e respeito \u00e0 popula\u00e7\u00e3o s\u00e3o a sua marca\u00a0na\u00a0pol\u00edtica<\/p>\n","protected":false},"author":2,"featured_media":5531,"comment_status":"open","ping_status":"open","sticky":false,"template":"","format":"standard","meta":{"_acf_changed":false,"footnotes":""},"categories":[27,21,14,15,12,11],"tags":[36,35,46,43,50,37,49,40,39],"municipio":[],"class_list":["post-6645","post","type-post","status-publish","format-standard","has-post-thumbnail","hentry","category-carrousel","category-cultura","category-educacao","category-esporte","category-geral","category-noticias","tag-20legislatura","tag-assembleia-legislativa","tag-cultura","tag-esporte","tag-mandato","tag-politica","tag-projeto-de-lei","tag-social","tag-vice-lider-do-governo"],"acf":[],"_links":{"self":[{"href":"https:\/\/betodoisaum.com.br\/site\/wp-json\/wp\/v2\/posts\/6645","targetHints":{"allow":["GET"]}}],"collection":[{"href":"https:\/\/betodoisaum.com.br\/site\/wp-json\/wp\/v2\/posts"}],"about":[{"href":"https:\/\/betodoisaum.com.br\/site\/wp-json\/wp\/v2\/types\/post"}],"author":[{"embeddable":true,"href":"https:\/\/betodoisaum.com.br\/site\/wp-json\/wp\/v2\/users\/2"}],"replies":[{"embeddable":true,"href":"https:\/\/betodoisaum.com.br\/site\/wp-json\/wp\/v2\/comments?post=6645"}],"version-history":[{"count":0,"href":"https:\/\/betodoisaum.com.br\/site\/wp-json\/wp\/v2\/posts\/6645\/revisions"}],"wp:featuredmedia":[{"embeddable":true,"href":"https:\/\/betodoisaum.com.br\/site\/wp-json\/wp\/v2\/media\/5531"}],"wp:attachment":[{"href":"https:\/\/betodoisaum.com.br\/site\/wp-json\/wp\/v2\/media?parent=6645"}],"wp:term":[{"taxonomy":"category","embeddable":true,"href":"https:\/\/betodoisaum.com.br\/site\/wp-json\/wp\/v2\/categories?post=6645"},{"taxonomy":"post_tag","embeddable":true,"href":"https:\/\/betodoisaum.com.br\/site\/wp-json\/wp\/v2\/tags?post=6645"},{"taxonomy":"municipio","embeddable":true,"href":"https:\/\/betodoisaum.com.br\/site\/wp-json\/wp\/v2\/municipio?post=6645"}],"curies":[{"name":"wp","href":"https:\/\/api.w.org\/{rel}","templated":true}]}}