{"id":6670,"date":"2024-01-04T11:44:50","date_gmt":"2024-01-04T15:44:50","guid":{"rendered":"https:\/\/betodoisaum.com.br\/site\/?p=6670"},"modified":"2024-01-07T18:05:24","modified_gmt":"2024-01-07T22:05:24","slug":"beto-dois-a-um-lamenta-morte-de-joao-carreiro-um-amigo-querido","status":"publish","type":"post","link":"https:\/\/betodoisaum.com.br\/site\/beto-dois-a-um-lamenta-morte-de-joao-carreiro-um-amigo-querido\/","title":{"rendered":"Beto Dois a Um lamenta morte de Jo\u00e3o Carreiro: \u201cum amigo querido\u201d"},"content":{"rendered":"\n<p>O deputado estadual Beto Dois a Um (PSB) lamentou a morte do cantor cuiabano, Jo\u00e3o S\u00e9rgio Batista Corr\u00eaa Filho, o Jo\u00e3o Carreiro, ap\u00f3s complica\u00e7\u00f5es em uma cirurgia card\u00edaca. M\u00fasico, Beto j\u00e1 dividiu palco com Jo\u00e3o Carreiro, que fez seu \u00faltimo show em Mato Grosso, estado em que nasceu. O vel\u00f3rio ocorre no Gin\u00e1sio Aecim Tocantins, em Cuiab\u00e1, na tarde desta quinta (4).<\/p>\n\n\n\n<p>\u201c\u00c9 com muita tristeza que soube do falecimento, nesta quarta-feira (3), do cantor Jo\u00e3o Carreiro, aos 41 anos. Um amigo querido com quem j\u00e1 estive nos palcos e tive a oportunidade partilhar bons momentos. Jo\u00e3o sempre foi uma voz inconfund\u00edvel para a m\u00fasica e orgulhou Mato Grosso levando nosso estado junto da sua m\u00fasica por todo o Brasil e pelo mundo.<\/p>\n\n\n\n<p>Esse momento \u00e9 de luto e quero externar meu pesar aos familiares de Jo\u00e3o, \u00e0 sua filha Caru Comparin Corr\u00eaa, \u00e0 m\u00e3e Eteuv\u00e2nia Reis e \u00e0 esposa Francine Caroline.<\/p>\n\n\n\n<p>Que Deus conforte e&nbsp;ampare&nbsp;a&nbsp;todos\u201d<\/p>\n","protected":false},"excerpt":{"rendered":"<p>O vel\u00f3rio ocorre no Gin\u00e1sio Aecim Tocantins, em Cuiab\u00e1, na tarde desta quinta (4).<\/p>\n","protected":false},"author":9,"featured_media":6671,"comment_status":"open","ping_status":"open","sticky":false,"template":"","format":"standard","meta":{"_acf_changed":false,"footnotes":""},"categories":[12,11],"tags":[46],"municipio":[],"class_list":["post-6670","post","type-post","status-publish","format-standard","has-post-thumbnail","hentry","category-geral","category-noticias","tag-cultura"],"acf":[],"_links":{"self":[{"href":"https:\/\/betodoisaum.com.br\/site\/wp-json\/wp\/v2\/posts\/6670","targetHints":{"allow":["GET"]}}],"collection":[{"href":"https:\/\/betodoisaum.com.br\/site\/wp-json\/wp\/v2\/posts"}],"about":[{"href":"https:\/\/betodoisaum.com.br\/site\/wp-json\/wp\/v2\/types\/post"}],"author":[{"embeddable":true,"href":"https:\/\/betodoisaum.com.br\/site\/wp-json\/wp\/v2\/users\/9"}],"replies":[{"embeddable":true,"href":"https:\/\/betodoisaum.com.br\/site\/wp-json\/wp\/v2\/comments?post=6670"}],"version-history":[{"count":0,"href":"https:\/\/betodoisaum.com.br\/site\/wp-json\/wp\/v2\/posts\/6670\/revisions"}],"wp:featuredmedia":[{"embeddable":true,"href":"https:\/\/betodoisaum.com.br\/site\/wp-json\/wp\/v2\/media\/6671"}],"wp:attachment":[{"href":"https:\/\/betodoisaum.com.br\/site\/wp-json\/wp\/v2\/media?parent=6670"}],"wp:term":[{"taxonomy":"category","embeddable":true,"href":"https:\/\/betodoisaum.com.br\/site\/wp-json\/wp\/v2\/categories?post=6670"},{"taxonomy":"post_tag","embeddable":true,"href":"https:\/\/betodoisaum.com.br\/site\/wp-json\/wp\/v2\/tags?post=6670"},{"taxonomy":"municipio","embeddable":true,"href":"https:\/\/betodoisaum.com.br\/site\/wp-json\/wp\/v2\/municipio?post=6670"}],"curies":[{"name":"wp","href":"https:\/\/api.w.org\/{rel}","templated":true}]}}