{"id":6673,"date":"2024-01-03T18:08:56","date_gmt":"2024-01-03T22:08:56","guid":{"rendered":"https:\/\/betodoisaum.com.br\/site\/?p=6673"},"modified":"2024-01-07T18:29:44","modified_gmt":"2024-01-07T22:29:44","slug":"beto-destaca-missao-da-amm-com-prefeituras-e-parabeniza-nova-diretoria","status":"publish","type":"post","link":"https:\/\/betodoisaum.com.br\/site\/beto-destaca-missao-da-amm-com-prefeituras-e-parabeniza-nova-diretoria\/","title":{"rendered":"Beto destaca miss\u00e3o da AMM com prefeituras e parabeniza nova diretoria"},"content":{"rendered":"\n<p>O deputado prestigiou a posse da nova diretoria da Associa\u00e7\u00e3o Mato-grossense dos Munic\u00edpios (AMM). O ato ocorreu no dia 3 de janeiro em Assembleia Geral Extraordin\u00e1ria realizada de forma presencial e on-line.<\/p>\n\n\n\n<p>A transmiss\u00e3o do cargo ao prefeito de Primavera do Leste, Leonardo Bortolin, que assumiu a presid\u00eancia da institui\u00e7\u00e3o, e aos demais gestores que integram a diretoria, foi feita por Neurilan Fraga, que presidiu a Associa\u00e7\u00e3o no per\u00edodo de 2015 a 2023.<\/p>\n\n\n\n<p>Um dos principais compromissos da nova gest\u00e3o, que vai administrar a AMM no tri\u00eanio 2024\/2026, \u00e9 ampliar o atendimento aos munic\u00edpios, com uma aten\u00e7\u00e3o especial aos menores, visando garantir maior justi\u00e7a social e redu\u00e7\u00e3o de desigualdades.<\/p>\n\n\n\n<p>Nesse sentido, Beto Dois a Um refor\u00e7ou que \u201ca AMM \u00e9 um porto seguro dos prefeitos na busca por recursos dos Governos do Estado e no Federal, para que a gente entregue \u00e0 popula\u00e7\u00e3o o que \u00e9 o objetivo da pol\u00edtica que \u00e9 uma vida melhor tanto para quem est\u00e1 em um munic\u00edpio mais rico ou naqueles com menos recursos. Precisamos olhar para todos com equidade\u201d.<\/p>\n","protected":false},"excerpt":{"rendered":"<p>Deputado refor\u00e7ou que \u201ca AMM \u00e9 um porto seguro dos prefeitos para que se possa entregar \u00e0 popula\u00e7\u00e3o o que \u00e9 o objetivo da pol\u00edtica que \u00e9 uma vida para todos&#8221;<\/p>\n","protected":false},"author":9,"featured_media":6674,"comment_status":"open","ping_status":"open","sticky":false,"template":"","format":"standard","meta":{"_acf_changed":false,"footnotes":""},"categories":[27,11],"tags":[36,35,50,37,39],"municipio":[],"class_list":["post-6673","post","type-post","status-publish","format-standard","has-post-thumbnail","hentry","category-carrousel","category-noticias","tag-20legislatura","tag-assembleia-legislativa","tag-mandato","tag-politica","tag-vice-lider-do-governo"],"acf":[],"_links":{"self":[{"href":"https:\/\/betodoisaum.com.br\/site\/wp-json\/wp\/v2\/posts\/6673","targetHints":{"allow":["GET"]}}],"collection":[{"href":"https:\/\/betodoisaum.com.br\/site\/wp-json\/wp\/v2\/posts"}],"about":[{"href":"https:\/\/betodoisaum.com.br\/site\/wp-json\/wp\/v2\/types\/post"}],"author":[{"embeddable":true,"href":"https:\/\/betodoisaum.com.br\/site\/wp-json\/wp\/v2\/users\/9"}],"replies":[{"embeddable":true,"href":"https:\/\/betodoisaum.com.br\/site\/wp-json\/wp\/v2\/comments?post=6673"}],"version-history":[{"count":0,"href":"https:\/\/betodoisaum.com.br\/site\/wp-json\/wp\/v2\/posts\/6673\/revisions"}],"wp:featuredmedia":[{"embeddable":true,"href":"https:\/\/betodoisaum.com.br\/site\/wp-json\/wp\/v2\/media\/6674"}],"wp:attachment":[{"href":"https:\/\/betodoisaum.com.br\/site\/wp-json\/wp\/v2\/media?parent=6673"}],"wp:term":[{"taxonomy":"category","embeddable":true,"href":"https:\/\/betodoisaum.com.br\/site\/wp-json\/wp\/v2\/categories?post=6673"},{"taxonomy":"post_tag","embeddable":true,"href":"https:\/\/betodoisaum.com.br\/site\/wp-json\/wp\/v2\/tags?post=6673"},{"taxonomy":"municipio","embeddable":true,"href":"https:\/\/betodoisaum.com.br\/site\/wp-json\/wp\/v2\/municipio?post=6673"}],"curies":[{"name":"wp","href":"https:\/\/api.w.org\/{rel}","templated":true}]}}