{"id":6743,"date":"2024-01-17T16:31:01","date_gmt":"2024-01-17T20:31:01","guid":{"rendered":"https:\/\/betodoisaum.com.br\/site\/?p=6743"},"modified":"2024-01-18T09:20:55","modified_gmt":"2024-01-18T13:20:55","slug":"projeto-arca-propoe-imersao-artistica-de-72-horas","status":"publish","type":"post","link":"https:\/\/betodoisaum.com.br\/site\/projeto-arca-propoe-imersao-artistica-de-72-horas\/","title":{"rendered":"Projeto Arca prop\u00f5e imers\u00e3o art\u00edstica de 72 horas"},"content":{"rendered":"\n<p>Um grupo de pessoas focadas em produzir e consumir arte em um processo absolutamente imersivo. Inspirado no mito crist\u00e3o de No\u00e9, por tr\u00eas dias ininterruptos, o Projeto Arca, idealizado pela escritora Luciene Carvalho, vai proporcionar uma experi\u00eancia criativa que reunir\u00e1 linguagens art\u00edsticas a partir da pl\u00e1stica po\u00e9tica.<\/p>\n\n\n\n<p>A primeira etapa do projeto ocorre entre os dias 26 e 28 de janeiro. S\u00e3o 16 participantes convivendo dia e noite com um \u00fanico objetivo comum, a arte. Assim, a imers\u00e3o art\u00edstica tem por objetivo criar um espa\u00e7o seguro de troca e cria\u00e7\u00e3o de conhecimento por meio de uma metodologia din\u00e2mica e participativa.<\/p>\n\n\n\n<p>\u201cAl\u00e9m da Arca de No\u00e9, tamb\u00e9m buscamos inspira\u00e7\u00e3o no I Ching, livro que imprime a sabedoria chinesa que diz que \u00e9 favor\u00e1vel atravessar a grande \u00e1gua, que inspira o avan\u00e7o por meio de uma imers\u00e3o profunda. Pensando nisso, locamos um hostel inteiro para essa experi\u00eancia, ser\u00e1 a nossa arca. Vamos dormir e acordar juntos, imaginando as muitas possibilidades de fazer e consumir arte. Para isso escolhemos o Hostel Y\u00e1 Dudu, no Centro Hist\u00f3rico de Cuiab\u00e1, uma extens\u00e3o da Casa das Pretas, lugar que inspira criatividade\u201d, adianta Luciene.<\/p>\n\n\n\n<p>Al\u00e9m de Luciene Carvalho, outros imortais da Academia Mato-grossense de Letras embarcar\u00e3o no Projeto Arca. Cristina Campos, Eduardo Mahon e Lorenzo Falc\u00e3o tamb\u00e9m contribuir\u00e3o com suas obras, assim proporcionando uma minibiblioteca tempor\u00e1ria e diligente. Aos pares, os participantes poder\u00e3o explorar as obras e os autores e ser\u00e3o provocados a criar, inspirados em textos e experi\u00eancias compartilhadas.<\/p>\n\n\n\n<p>\u201cAl\u00e9m da escrita vamos trabalhar a oralidade po\u00e9tica que toca as pessoas por meio de experi\u00eancias vividas e provoc\u00e1-los a escrever seus pr\u00f3prios textos. \u00c9 o que eu chamo de \u2018emocionaliza\u00e7\u00e3o\u2019 da palavra. Vamos incentivar a cria\u00e7\u00e3o de novos verbos, declamar seus poemas, encenar seus escritos, cantar seus textos, dan\u00e7ar seus rascunhos. Assim, vamos celebrar a poesia escrita, a oralidade po\u00e9tica, a declama\u00e7\u00e3o, o conv\u00edvio e a intera\u00e7\u00e3o\u201d, destaca.<\/p>\n\n\n\n<p>\u00c0 primeira etapa do Projeto Arca tamb\u00e9m est\u00e1 reservada a aprecia\u00e7\u00e3o de um espet\u00e1culo teatral. Os 16 participantes poder\u00e3o conferir o Spectrolab, que acaba de desembarcar da Fran\u00e7a, direto para a Sala Anderson Flores, no Cine Teatro Cuiab\u00e1.<\/p>\n\n\n\n<p>\u201cSer\u00e1 como um respiro, uma pequena fuga da nossa arca, um breve contato com o mundo exterior, mas ainda assim, totalmente dedicada \u00e0 arte. Uma met\u00e1fora da pomba que traz boas-novas \u00e0 Arca de No\u00e9. Depois voltaremos para nossa arca e trabalharemos sobre o tema at\u00e9 o fim da jornada\u201d, explica.<\/p>\n\n\n\n<p>A primeira etapa do Projeto Arca encerra com a cria\u00e7\u00e3o do varal de toda a produ\u00e7\u00e3o art\u00edstica elaborada a partir da experi\u00eancia vivida nos tr\u00eas dias de imers\u00e3o. Com aux\u00edlio da MT Escola de Teatro, todo o processo imersivo ser\u00e1 documentado e convertido em audiovisual e em uma pe\u00e7a de teatro. A MT Escola de Teatro ainda vai oferecer, na forma de curso de extens\u00e3o, diploma\u00e7\u00e3o pela Unemat.<\/p>\n\n\n\n<p><strong>Segunda etapa do Projeto Arca<\/strong><\/p>\n\n\n\n<p>Em parceria com o Teatro S\u00e1tiros e a SP Escola de Teatro, a segunda etapa do Projeto Arca segue para a cidade de S\u00e3o Paulo onde se apresenta dia 22 de fevereiro, no Teatro S\u00e1tiros (Pra\u00e7a Franklin Roosevelt, 214, Consola\u00e7\u00e3o), \u00e0s 20h. Entrada franca.<\/p>\n\n\n\n<p>\u201cNosso varal de poesias ser\u00e1 transformado em cen\u00e1rio e nossas ideias transformadas em espet\u00e1culo. O artista Douglas Peron, com ajuda do povo rikbaktsa, vai transformar penas de aves mato-grossenses colhidas da natureza, sem agress\u00e3o aos animais, claro, em vestimentas. E assim faremos uma apresenta\u00e7\u00e3o em S\u00e3o Paulo, eu e o talentos\u00edssimo ator Andr\u00e9 D\u2019Luca, com participa\u00e7\u00e3o especial do \u00c9rick Jay, um DJ cinco vezes campe\u00e3o mundial de discotecagem. Atravessando esse per\u00edodo das \u00e1guas, levando poesia do nosso lugar, com a nossa cara, para outros brasis. Assim nossa arca ter\u00e1 cumprido sua miss\u00e3o\u201d, conclui Luciene Carvalho. &nbsp;&nbsp;<\/p>\n\n\n\n<p>Toda a a\u00e7\u00e3o \u00e9 gratuita, tanto a imersiva quanto a bilheteria da apresenta\u00e7\u00e3o no teatro de S\u00e3o Paulo, patrocinada pelas Pol\u00edticas de Fomento \u00e0s Artes da Assembleia Legislativa de Mato Grosso. Com coordena\u00e7\u00e3o geral do Mano Raul, produ\u00e7\u00e3o e log\u00edstica de Neto Soares, o Projeto Arca tem apoio do deputado Beto Dois a Um, da Assembleia Social, Governo de Mato Grosso e MT Escola de Teatro.<\/p>\n\n\n\n<p><em><strong>Da Assessoria <\/strong><\/em><\/p>\n","protected":false},"excerpt":{"rendered":"<p>Com apoio do deputado Beto Dois a Um, escritora Luciene Carvalho cria laborat\u00f3rio de arte imersivo em Cuiab\u00e1. Segunda etapa do projeto segue para S\u00e3o Pulo onde se apresenta dia 22 de fevereiro, no Teatro S\u00e1tiros <\/p>\n","protected":false},"author":2,"featured_media":6745,"comment_status":"open","ping_status":"open","sticky":false,"template":"","format":"standard","meta":{"_acf_changed":false,"footnotes":""},"categories":[27,21],"tags":[46],"municipio":[],"class_list":["post-6743","post","type-post","status-publish","format-standard","has-post-thumbnail","hentry","category-carrousel","category-cultura","tag-cultura"],"acf":[],"_links":{"self":[{"href":"https:\/\/betodoisaum.com.br\/site\/wp-json\/wp\/v2\/posts\/6743","targetHints":{"allow":["GET"]}}],"collection":[{"href":"https:\/\/betodoisaum.com.br\/site\/wp-json\/wp\/v2\/posts"}],"about":[{"href":"https:\/\/betodoisaum.com.br\/site\/wp-json\/wp\/v2\/types\/post"}],"author":[{"embeddable":true,"href":"https:\/\/betodoisaum.com.br\/site\/wp-json\/wp\/v2\/users\/2"}],"replies":[{"embeddable":true,"href":"https:\/\/betodoisaum.com.br\/site\/wp-json\/wp\/v2\/comments?post=6743"}],"version-history":[{"count":0,"href":"https:\/\/betodoisaum.com.br\/site\/wp-json\/wp\/v2\/posts\/6743\/revisions"}],"wp:featuredmedia":[{"embeddable":true,"href":"https:\/\/betodoisaum.com.br\/site\/wp-json\/wp\/v2\/media\/6745"}],"wp:attachment":[{"href":"https:\/\/betodoisaum.com.br\/site\/wp-json\/wp\/v2\/media?parent=6743"}],"wp:term":[{"taxonomy":"category","embeddable":true,"href":"https:\/\/betodoisaum.com.br\/site\/wp-json\/wp\/v2\/categories?post=6743"},{"taxonomy":"post_tag","embeddable":true,"href":"https:\/\/betodoisaum.com.br\/site\/wp-json\/wp\/v2\/tags?post=6743"},{"taxonomy":"municipio","embeddable":true,"href":"https:\/\/betodoisaum.com.br\/site\/wp-json\/wp\/v2\/municipio?post=6743"}],"curies":[{"name":"wp","href":"https:\/\/api.w.org\/{rel}","templated":true}]}}