{"id":6747,"date":"2024-01-17T17:38:35","date_gmt":"2024-01-17T21:38:35","guid":{"rendered":"https:\/\/betodoisaum.com.br\/site\/?p=6747"},"modified":"2024-01-18T10:37:13","modified_gmt":"2024-01-18T14:37:13","slug":"deputado-articula-construcao-de-ponte-em-arenapolis-durante-reuniao-com-pivetta","status":"publish","type":"post","link":"https:\/\/betodoisaum.com.br\/site\/deputado-articula-construcao-de-ponte-em-arenapolis-durante-reuniao-com-pivetta\/","title":{"rendered":"Deputado articula constru\u00e7\u00e3o de ponte em Aren\u00e1polis durante reuni\u00e3o com Pivetta; ou\u00e7a"},"content":{"rendered":"\n<p>Em reuni\u00e3o com o vice-governador Otaviano Pivetta (Republicanos), o deputado Beto Dois a Um (PSB) apresentou demanda do prefeito de Aren\u00e1polis, Eder Marquis (PP), para viabilizar a constru\u00e7\u00e3o de uma ponte sobre o rio S\u00e3o Francisco. O encontro ocorreu no gabinete de Pivetta, na manh\u00e3 desta quarta (17).<\/p>\n\n\n\n<p>De acordo com o deputado, a obra impactar\u00e1 em ao menos tr\u00eas munic\u00edpios, sendo Aren\u00e1polis, Nova Maril\u00e2ndia e Nortel\u00e2ndia, beneficiando mais de 17 mil pessoas.<\/p>\n\n\n\n<p>\u201cMostramos para o vice-governador a import\u00e2ncia dessa obra, a viabilidade, al\u00e9m do impacto social e econ\u00f4mico, porque \u00e9 uma via muito usada por pequenos produtores, pela agricultura familiar e que promove a integra\u00e7\u00e3o esses munic\u00edpios. Pivetta mostrou muita sensibilidade em ajudar a buscar uma solu\u00e7\u00e3o junto ao governador Mauro Mendes\u201d, afirmou Beto.<\/p>\n\n\n\n<figure class=\"wp-block-image size-large\"><img fetchpriority=\"high\" decoding=\"async\" width=\"1024\" height=\"775\" src=\"https:\/\/betodoisaum.com.br\/site\/wp-content\/uploads\/2024\/01\/Imagem-do-WhatsApp-de-2024-01-17-as-17.18.38_477eef72-2-1024x775.webp\" alt=\"\" class=\"wp-image-6758\" srcset=\"https:\/\/betodoisaum.com.br\/site\/wp-content\/uploads\/2024\/01\/Imagem-do-WhatsApp-de-2024-01-17-as-17.18.38_477eef72-2-1024x775.webp 1024w, https:\/\/betodoisaum.com.br\/site\/wp-content\/uploads\/2024\/01\/Imagem-do-WhatsApp-de-2024-01-17-as-17.18.38_477eef72-2-300x227.webp 300w, https:\/\/betodoisaum.com.br\/site\/wp-content\/uploads\/2024\/01\/Imagem-do-WhatsApp-de-2024-01-17-as-17.18.38_477eef72-2-768x581.webp 768w, https:\/\/betodoisaum.com.br\/site\/wp-content\/uploads\/2024\/01\/Imagem-do-WhatsApp-de-2024-01-17-as-17.18.38_477eef72-2-1536x1162.webp 1536w, https:\/\/betodoisaum.com.br\/site\/wp-content\/uploads\/2024\/01\/Imagem-do-WhatsApp-de-2024-01-17-as-17.18.38_477eef72-2-2048x1549.webp 2048w\" sizes=\"(max-width: 1024px) 100vw, 1024px\" \/><\/figure>\n\n\n\n<p>O prefeito explicou que a estrutura atual da ponte pode n\u00e3o estar dando conta do fluxo de ve\u00edculos, especialmente de caminh\u00f5es e teme que a estrutura possa ruir. <\/p>\n\n\n\n<p>Por se tratar de uma estrada vicinal, Pivetta pediu que a popula\u00e7\u00e3o no entorno seja ouvida para que a obra atenda \u00e0s demandas de forma efetiva.<\/p>\n\n\n\n<p><strong>Beto Fala sobre a reuni\u00e3o<\/strong><\/p>\n\n\n\n<figure class=\"wp-block-audio\"><audio controls src=\"https:\/\/betodoisaum.com.br\/site\/wp-content\/uploads\/2024\/01\/radio01.mp3\"><\/audio><\/figure>\n\n\n\n<p><\/p>\n","protected":false},"excerpt":{"rendered":"<p>De acordo com Beto Dois a Um, a obra impactar\u00e1 em ao menos tr\u00eas munic\u00edpios Aren\u00e1polis, Nova Maril\u00e2ndia e Nortel\u00e2ndia beneficiando mais de 17 mil pessoas<\/p>\n","protected":false},"author":9,"featured_media":6755,"comment_status":"open","ping_status":"open","sticky":false,"template":"","format":"standard","meta":{"_acf_changed":false,"footnotes":""},"categories":[25,27,11],"tags":[35,46,37],"municipio":[],"class_list":["post-6747","post","type-post","status-publish","format-standard","has-post-thumbnail","hentry","category-agricultura-familiar","category-carrousel","category-noticias","tag-assembleia-legislativa","tag-cultura","tag-politica"],"acf":[],"_links":{"self":[{"href":"https:\/\/betodoisaum.com.br\/site\/wp-json\/wp\/v2\/posts\/6747","targetHints":{"allow":["GET"]}}],"collection":[{"href":"https:\/\/betodoisaum.com.br\/site\/wp-json\/wp\/v2\/posts"}],"about":[{"href":"https:\/\/betodoisaum.com.br\/site\/wp-json\/wp\/v2\/types\/post"}],"author":[{"embeddable":true,"href":"https:\/\/betodoisaum.com.br\/site\/wp-json\/wp\/v2\/users\/9"}],"replies":[{"embeddable":true,"href":"https:\/\/betodoisaum.com.br\/site\/wp-json\/wp\/v2\/comments?post=6747"}],"version-history":[{"count":0,"href":"https:\/\/betodoisaum.com.br\/site\/wp-json\/wp\/v2\/posts\/6747\/revisions"}],"wp:featuredmedia":[{"embeddable":true,"href":"https:\/\/betodoisaum.com.br\/site\/wp-json\/wp\/v2\/media\/6755"}],"wp:attachment":[{"href":"https:\/\/betodoisaum.com.br\/site\/wp-json\/wp\/v2\/media?parent=6747"}],"wp:term":[{"taxonomy":"category","embeddable":true,"href":"https:\/\/betodoisaum.com.br\/site\/wp-json\/wp\/v2\/categories?post=6747"},{"taxonomy":"post_tag","embeddable":true,"href":"https:\/\/betodoisaum.com.br\/site\/wp-json\/wp\/v2\/tags?post=6747"},{"taxonomy":"municipio","embeddable":true,"href":"https:\/\/betodoisaum.com.br\/site\/wp-json\/wp\/v2\/municipio?post=6747"}],"curies":[{"name":"wp","href":"https:\/\/api.w.org\/{rel}","templated":true}]}}