{"id":7105,"date":"2024-01-30T18:06:03","date_gmt":"2024-01-30T22:06:03","guid":{"rendered":"https:\/\/betodoisaum.com.br\/site\/?p=7105"},"modified":"2024-01-31T09:30:24","modified_gmt":"2024-01-31T13:30:24","slug":"mato-grosso-sera-referencia-em-protecao-as-mulheres-com-iniciativa-de-virginia-mendes","status":"publish","type":"post","link":"https:\/\/betodoisaum.com.br\/site\/mato-grosso-sera-referencia-em-protecao-as-mulheres-com-iniciativa-de-virginia-mendes\/","title":{"rendered":"Mato Grosso ser\u00e1 refer\u00eancia em prote\u00e7\u00e3o \u00e0s mulheres com iniciativa de Virginia Mendes"},"content":{"rendered":"\n<p>A cria\u00e7\u00e3o da Superintend\u00eancia de Pol\u00edticas P\u00fablicas para as Mulheres \u2013 SER Fam\u00edlia Mulher, idealizada pela primeira-dama Virginia Mendes, ocorreu nesta ter\u00e7a (30), no Pal\u00e1cio Paiagu\u00e1s. A iniciativa tem como foco tornar Mato Grosso refer\u00eancia em prote\u00e7\u00e3o \u00e0s mulheres. Na oportunidade, Virginia Mendes enalteceu a compreens\u00e3o de todos os deputados estaduais em aprovar a concretiza\u00e7\u00e3o da Superintend\u00eancia e destacou a condu\u00e7\u00e3o do deputado Beto Dois a Um (PSB).<\/p>\n\n\n\n<p>\u201cEm nome do deputado Beto, que atendeu de forma \u00e1gil e conduziu esse processo, quero agradecer a todos os deputados por terem aprovado por unanimidade o texto enviado \u00e0 Assembleia e entenderam a urg\u00eancia. Precis\u00e1vamos que o projeto fosse aprovado o quanto antes e mesmo em meio aos debates sobre a Lei Or\u00e7ament\u00e1ria Anual, que demandaram muita aten\u00e7\u00e3o dos deputados, contamos com o apoio do deputado Beto que conseguiu explicar a cada um a import\u00e2ncia da a\u00e7\u00e3o e nossa inten\u00e7\u00e3o. Tenho certeza que isso s\u00f3 foi poss\u00edvel pela sensibilidade e habilidade dele na condu\u00e7\u00e3o de um tema t\u00e3o importante.\u201d, explicou a&nbsp;primeira-dama.<\/p>\n\n\n\n<p>Ano passado, as estat\u00edsticas apontaram redu\u00e7\u00e3o de 22% nos casos de feminic\u00eddio em Mato Grosso. Os dados s\u00e3o do relat\u00f3rio \u201cMortes Violentas de Mulheres e Meninas em Mato Grosso\u201d, da Pol\u00edcia Civil. No entanto, a situa\u00e7\u00e3o continua preocupando autoridades e a nova unidade criada ter\u00e1 a miss\u00e3o de potencializar as a\u00e7\u00f5es que j\u00e1 vem sendo tomadas.<\/p>\n\n\n\n<p>\u201cEm MT as pol\u00edticas p\u00fablicas est\u00e3o ocorrendo para mudar essa realidade, a viol\u00eancia contra mulheres \u00e9 um mau que afeta e fere profundamente nossa sociedade. Diante de um assunto t\u00e3o dif\u00edcil, gostaria de agradecer a todos os meus colegas deputados que tiveram a lucidez e o empenho na aprova\u00e7\u00e3o desse projeto. O trabalho da primeira-dama no amparo social \u00e0s mulheres nos honra\u201d, asseverou Beto.<\/p>\n\n\n\n<p>A iniciativa para a cria\u00e7\u00e3o da superintend\u00eancia resultou de uma articula\u00e7\u00e3o liderada pela primeira-dama do Estado, ap\u00f3s <a href=\"https:\/\/www.secom.mt.gov.br\/w\/primeira-dama-anuncia-cria%C3%A7%C3%A3o-da-superintend%C3%AAncia-de-pol%C3%ADtica-da-mulher-ser-fam%C3%ADlia-mulher\">uma reuni\u00e3o realizada em dezembro<\/a> no gabinete da Unidade de A\u00e7\u00f5es Sociais Aten\u00e7\u00e3o \u00e0 Fam\u00edlia (Unaf), com a participa\u00e7\u00e3o da deputada federal Gisela Simona; o secret\u00e1rio de Seguran\u00e7a P\u00fablica, coronel Cesar Roveri; a secret\u00e1ria de Assist\u00eancia Social, Grasielle Bugalho; o secret\u00e1rio-chefe da Casa Civil, F\u00e1bio Garcia; deputado estadual Beto Dois a Um; a diretora-geral da Pol\u00edcia Judici\u00e1ria Civil (PJC), Daniela Maidel; a delegada Jannira Laranjeira; a assessora M\u00f4nica Camolezi; a assessora especial da Setasc Marimax Comazze;&nbsp; o secret\u00e1rio de Estado de Planejamento e Gest\u00e3o, Bas\u00edlio Bezerra, o secret\u00e1rio adjunto de Intelig\u00eancia da Sesp, Valter Furtado e do diretor geral-adjunto da PJC,&nbsp;Rodrigo&nbsp;Bastos.<\/p>\n","protected":false},"excerpt":{"rendered":"<p>A primeira-dama enalteceu a compreens\u00e3o de todos os deputados estaduais em aprovar a concretiza\u00e7\u00e3o da Superintend\u00eancia e destacou a condu\u00e7\u00e3o do deputado Beto Dois a Um (PSB).<\/p>\n","protected":false},"author":9,"featured_media":7107,"comment_status":"open","ping_status":"open","sticky":false,"template":"","format":"standard","meta":{"_acf_changed":false,"footnotes":""},"categories":[27,11],"tags":[35,50,37,49,39],"municipio":[],"class_list":["post-7105","post","type-post","status-publish","format-standard","has-post-thumbnail","hentry","category-carrousel","category-noticias","tag-assembleia-legislativa","tag-mandato","tag-politica","tag-projeto-de-lei","tag-vice-lider-do-governo"],"acf":[],"_links":{"self":[{"href":"https:\/\/betodoisaum.com.br\/site\/wp-json\/wp\/v2\/posts\/7105","targetHints":{"allow":["GET"]}}],"collection":[{"href":"https:\/\/betodoisaum.com.br\/site\/wp-json\/wp\/v2\/posts"}],"about":[{"href":"https:\/\/betodoisaum.com.br\/site\/wp-json\/wp\/v2\/types\/post"}],"author":[{"embeddable":true,"href":"https:\/\/betodoisaum.com.br\/site\/wp-json\/wp\/v2\/users\/9"}],"replies":[{"embeddable":true,"href":"https:\/\/betodoisaum.com.br\/site\/wp-json\/wp\/v2\/comments?post=7105"}],"version-history":[{"count":0,"href":"https:\/\/betodoisaum.com.br\/site\/wp-json\/wp\/v2\/posts\/7105\/revisions"}],"wp:featuredmedia":[{"embeddable":true,"href":"https:\/\/betodoisaum.com.br\/site\/wp-json\/wp\/v2\/media\/7107"}],"wp:attachment":[{"href":"https:\/\/betodoisaum.com.br\/site\/wp-json\/wp\/v2\/media?parent=7105"}],"wp:term":[{"taxonomy":"category","embeddable":true,"href":"https:\/\/betodoisaum.com.br\/site\/wp-json\/wp\/v2\/categories?post=7105"},{"taxonomy":"post_tag","embeddable":true,"href":"https:\/\/betodoisaum.com.br\/site\/wp-json\/wp\/v2\/tags?post=7105"},{"taxonomy":"municipio","embeddable":true,"href":"https:\/\/betodoisaum.com.br\/site\/wp-json\/wp\/v2\/municipio?post=7105"}],"curies":[{"name":"wp","href":"https:\/\/api.w.org\/{rel}","templated":true}]}}