{"id":7138,"date":"2024-02-01T14:36:55","date_gmt":"2024-02-01T18:36:55","guid":{"rendered":"https:\/\/betodoisaum.com.br\/site\/?p=7138"},"modified":"2024-02-01T14:49:49","modified_gmt":"2024-02-01T18:49:49","slug":"filme-retoma-trajetoria-de-dante-de-oliveira-lancamento-esta-marcado-para-6-de-fevereiro-aniversario-do-politico","status":"publish","type":"post","link":"https:\/\/betodoisaum.com.br\/site\/filme-retoma-trajetoria-de-dante-de-oliveira-lancamento-esta-marcado-para-6-de-fevereiro-aniversario-do-politico\/","title":{"rendered":"Filme retoma trajet\u00f3ria de Dante de Oliveira; estreia dia 6 de fevereiro, anivers\u00e1rio do pol\u00edtico"},"content":{"rendered":"\n<p>Em 6 de fevereiro de 1952 nascia em Cuiab\u00e1 um dos mais ilustres personagens da pol\u00edtica em Mato Grosso, Dante Martins de Oliveira. Reconhecido pela luta na redemocratiza\u00e7\u00e3o do Brasil ap\u00f3s a Ditadura Militar, Dante completaria 72 anos esta semana. Para celebrar seu anivers\u00e1rio, na ter\u00e7a-feira (06.02), estreia o filme documental \u201cA Primavera de Dante\u201d, primeiro de uma trilogia, \u00e0s 19h, no Teatro do Cerrado Zulmira Canavarros. A entrada \u00e9 franca.<\/p>\n\n\n\n<p>Com pouco mais de 36 minutos, o m\u00e9dia-metragem retrata a trajet\u00f3ria de Dante de Oliveira desde a inf\u00e2ncia at\u00e9 a vida adulta, seu percurso acad\u00eamico, pol\u00edtico e sua participa\u00e7\u00e3o em movimentos sociais e de resist\u00eancia, como o MR-8 (Movimento Revolucion\u00e1rio 8 de Outubro). O primeiro de tr\u00eas epis\u00f3dios de \u201cA Primavera de Dante\u201d vai mostrar o caminho percorrido pelo l\u00edder estudantil, estudante de Engenharia na UFRJ, o in\u00edcio de sua trajet\u00f3ria pol\u00edtica como parlamentar estadual e federal, sua rela\u00e7\u00e3o com Ulysses Guimaraes e a luta pela redemocratiza\u00e7\u00e3o do Brasil.<\/p>\n\n\n\n<p>\u201cDante de Oliveira merecia mesmo um filme a altura. Foi uma pessoa p\u00fablica t\u00e3o importante que hoje empresta seu nome para a Assembleia Legislativa de Mato Grosso. Sua proposta de reestabelecer as elei\u00e7\u00f5es diretas para presidente da rep\u00fablica culminou no movimento Diretas J\u00e1, h\u00e1 40 anos, que o projetou nacionalmente. Um momento crucial para a redemocratiza\u00e7\u00e3o do pa\u00eds tem como um de seus principais protagonistas um mato-grossense, e isso \u00e9 motivo de muito orgulho\u201d, assinala Jos\u00e9 Paulo Traven, produtor executivo do filme. &nbsp;<\/p>\n\n\n\n<p>Com imagens de arquivo rar\u00edssimas, entre fotografias e v\u00eddeos hist\u00f3ricos, o document\u00e1rio remonta a trajet\u00f3ria de Dante a partir de depoimentos de familiares, amigos, companheiros de luta e historiadores. Conta ainda com breves inser\u00e7\u00f5es de cenas reconstitu\u00eddas por atores, ao estilo Discovery, remontando trechos de sua inf\u00e2ncia, adolesc\u00eancia e fase adulta. O operador de \u00e1udio da Assembleia Legislativa, Vicenzo Zaleski, interpreta Dante na fase adulta (muito parecido, a prop\u00f3sito), Pedro Jorge Pederneiras \u00e9 Dante aos 9 ano, e Pedro Macedo interpreta Dante adolescente.<\/p>\n\n\n\n<p>Entre os depoimentos est\u00e3o o da m\u00e3e de Dante, Maria Martins de Oliveira, o da vi\u00fava Thelma de Oliveira, os depoimentos dos irm\u00e3os Armando, In\u00eas e Yolanda, os amigos Guilherme e Frederico Muller, J\u00falio Muller Neto e Alu\u00edsio Arruda, as observa\u00e7\u00f5es dos historiadores Jo\u00e3o Antonio Lucidio e Lu\u00edza Volpato, al\u00e9m da argumenta\u00e7\u00e3o do analista pol\u00edtico Jo\u00e3o Edisom de Souza.<\/p>\n\n\n\n<p>\u201cA democracia \u00e9 algo pelo qual lutamos o tempo todo, e esse document\u00e1rio deixa isso muito evidente. Dif\u00edcil falar sobre democracia no Brasil sem lembrar de Dante de Oliveira. Esse primeiro epis\u00f3dio remonta a inf\u00e2ncia de Dante, passa pela adolesc\u00eancia em Cuiab\u00e1, sua forma\u00e7\u00e3o pol\u00edtica no Rio de Janeiro e chega at\u00e9 um dos momentos mais importantes da nossa hist\u00f3ria recente, tendo Dante como um dos principais protagonistas, um personagem que amplificava milh\u00f5es de vozes an\u00f4nimas que clamavam por liberdade\u201d, adianta Traven.&nbsp;&nbsp;<\/p>\n\n\n\n<p>Com produ\u00e7\u00e3o executiva e argumento de Jos\u00e9 Paulo Traven, pesquisa de Jo\u00e3o Antonio Lucidio, dire\u00e7\u00e3o de Leonardo Sant\u2019Ana, fotografia de Kelven Queiroz, o document\u00e1rio \u00e9 uma realiza\u00e7\u00e3o da Primigenia, Terra do Sol Filmes e Associa\u00e7\u00e3o Mato-grossense de Inclus\u00e3o Sociocultural\/AMISCIM, com patroc\u00ednios da Assembleia Legislativa de Mato Grosso e Governo de Mato Grosso, via Secretaria de Cultura, Esporte e Lazer. Dire\u00e7\u00e3o de produ\u00e7\u00e3o de Giulia Costa, som direto e assistente de c\u00e2mera Ricarte Oliveira, edi\u00e7\u00e3o e colorista Murilo Nascimento, tratamento de som de Eduardo Lehr, produ\u00e7\u00e3o de Anna Magalh\u00e3es e dire\u00e7\u00e3o de arte e figurino La\u00eds Wrzesinski.<\/p>\n","protected":false},"excerpt":{"rendered":"<p>Com entrada franca, para celebrar o anivers\u00e1rio de Dante de Oliveira, na ter\u00e7a-feira (06), estreia o document\u00e1rio \u201cA Primavera de Dante\u201d, \u00e0s 19h, no Teatro do Cerrado Zulmira Canavarros<\/p>\n","protected":false},"author":2,"featured_media":7139,"comment_status":"open","ping_status":"open","sticky":false,"template":"","format":"standard","meta":{"_acf_changed":false,"footnotes":""},"categories":[27,21,11],"tags":[46,37],"municipio":[],"class_list":["post-7138","post","type-post","status-publish","format-standard","has-post-thumbnail","hentry","category-carrousel","category-cultura","category-noticias","tag-cultura","tag-politica"],"acf":[],"_links":{"self":[{"href":"https:\/\/betodoisaum.com.br\/site\/wp-json\/wp\/v2\/posts\/7138","targetHints":{"allow":["GET"]}}],"collection":[{"href":"https:\/\/betodoisaum.com.br\/site\/wp-json\/wp\/v2\/posts"}],"about":[{"href":"https:\/\/betodoisaum.com.br\/site\/wp-json\/wp\/v2\/types\/post"}],"author":[{"embeddable":true,"href":"https:\/\/betodoisaum.com.br\/site\/wp-json\/wp\/v2\/users\/2"}],"replies":[{"embeddable":true,"href":"https:\/\/betodoisaum.com.br\/site\/wp-json\/wp\/v2\/comments?post=7138"}],"version-history":[{"count":0,"href":"https:\/\/betodoisaum.com.br\/site\/wp-json\/wp\/v2\/posts\/7138\/revisions"}],"wp:featuredmedia":[{"embeddable":true,"href":"https:\/\/betodoisaum.com.br\/site\/wp-json\/wp\/v2\/media\/7139"}],"wp:attachment":[{"href":"https:\/\/betodoisaum.com.br\/site\/wp-json\/wp\/v2\/media?parent=7138"}],"wp:term":[{"taxonomy":"category","embeddable":true,"href":"https:\/\/betodoisaum.com.br\/site\/wp-json\/wp\/v2\/categories?post=7138"},{"taxonomy":"post_tag","embeddable":true,"href":"https:\/\/betodoisaum.com.br\/site\/wp-json\/wp\/v2\/tags?post=7138"},{"taxonomy":"municipio","embeddable":true,"href":"https:\/\/betodoisaum.com.br\/site\/wp-json\/wp\/v2\/municipio?post=7138"}],"curies":[{"name":"wp","href":"https:\/\/api.w.org\/{rel}","templated":true}]}}