{"id":7620,"date":"2024-02-19T11:26:20","date_gmt":"2024-02-19T15:26:20","guid":{"rendered":"https:\/\/betodoisaum.com.br\/site\/?p=7620"},"modified":"2024-02-21T16:08:24","modified_gmt":"2024-02-21T20:08:24","slug":"deputado-beto-dois-a-um-garante-espetaculo-mato-grossense-na-praca-roosevelt-em-sp","status":"publish","type":"post","link":"https:\/\/betodoisaum.com.br\/site\/deputado-beto-dois-a-um-garante-espetaculo-mato-grossense-na-praca-roosevelt-em-sp\/","title":{"rendered":"Deputado Beto Dois a Um garante espet\u00e1culo mato-grossense na Pra\u00e7a Roosevelt, em SP"},"content":{"rendered":"\n<p>Com apoio do deputado Beto Dois a Um, em parceria com o Teatro S\u00e1tiros e a SP Escola de Teatro, a segunda etapa do <a href=\"https:\/\/betodoisaum.com.br\/site\/projeto-arca-propoe-imersao-artistica-de-72-horas\/\">Projeto Arca<\/a>, idealizado pela escritora Luciene Carvalho, segue agora para a cidade de S\u00e3o Paulo. Intitulado Imersiva Arca, o espet\u00e1culo de poesia est\u00e1 programado para o dia 22 de fevereiro, no Teatro S\u00e1tiros (Pra\u00e7a Franklin Roosevelt, 214, Consola\u00e7\u00e3o), \u00e0s 20h. Entrada franca.<\/p>\n\n\n\n<p>\u201cO deputado Beto Dois a Um \u00e9 arauto da cultura mato-grossense, algu\u00e9m que realmente acredita na pot\u00eancia da nossa arte, absolutamente sens\u00edvel \u00e0 causa. Depois de proporcionar uma experi\u00eancia criativa que reuniu linguagens art\u00edsticas a partir da pl\u00e1stica po\u00e9tica, agora nos proporciona tamb\u00e9m a exibi\u00e7\u00e3o de desse espet\u00e1culo repleto de caracter\u00edsticas da cultura de Mato Grosso em plena S\u00e3o Paulo, levando o nome do estado para um dos mais importantes centros culturais do pa\u00eds\u201d, destaca Luciene. \u00a0<\/p>\n\n\n\n<p>Bebendo na fonte da tradi\u00e7\u00e3o oral, t\u00e3o enraizada na arte brasileira, a poeta e diretora teatral Luciene Carvalho, ainda no m\u00eas de janeiro, imergiu com um coletivo de artistas no centro hist\u00f3rico de Cuiab\u00e1 com 16 participantes convivendo dia e noite com um \u00fanico objetivo comum, a arte. Dessa experi\u00eancia surgiu o espet\u00e1culo de poesias que ser\u00e1 exibido em S\u00e3o Paulo. No palco, al\u00e9m de Luciene, participam o ator Andr\u00e9 D\u2019Luca e o DJ \u00c9rick Jay. <\/p>\n\n\n\n<p>\u201cNosso varal de poesias ser\u00e1 transformado em cen\u00e1rio e nossas ideias transformadas em espet\u00e1culo. O artista Douglas Peron, com ajuda do povo rikbaktsa, vai transformar penas de aves mato-grossenses colhidas da natureza, sem agress\u00e3o aos animais, claro, em vestimentas. E assim faremos uma apresenta\u00e7\u00e3o em S\u00e3o Paulo, eu e o talentos\u00edssimo ator Andr\u00e9 D\u2019Luca, com participa\u00e7\u00e3o especial do \u00c9rick Jay, um DJ cinco vezes campe\u00e3o mundial de discotecagem. Atravessando esse per\u00edodo das \u00e1guas, levando poesia do nosso lugar, com a nossa cara, para outros brasis. Assim nossa arca ter\u00e1 cumprido sua miss\u00e3o\u201d, conclui Luciene Carvalho.&nbsp;&nbsp;<\/p>\n\n\n\n<p>Toda a a\u00e7\u00e3o \u00e9 gratuita, patrocinada pelas Pol\u00edticas de Fomento \u00e0s Artes da Assembleia Legislativa de Mato Grosso. Com coordena\u00e7\u00e3o geral do Mano Raul, produ\u00e7\u00e3o e log\u00edstica de Neto Soares, o Projeto Arca tem apoio do deputado Beto Dois a Um, da Assembleia Social, Governo de Mato Grosso e MT Escola de Teatro.<\/p>\n\n\n\n<p><strong><em>Da Assessoria <\/em><\/strong><\/p>\n","protected":false},"excerpt":{"rendered":"<p>Idealizado pela escritora Luciene Carvalho, Imersiva Arca, o espet\u00e1culo de poesia est\u00e1 programado para o dia 22 de fevereiro, no Teatro S\u00e1tiros, em S\u00e3o Paulo<\/p>\n","protected":false},"author":2,"featured_media":7625,"comment_status":"closed","ping_status":"closed","sticky":false,"template":"","format":"standard","meta":{"_acf_changed":false,"footnotes":""},"categories":[27,21],"tags":[35,46],"municipio":[],"class_list":["post-7620","post","type-post","status-publish","format-standard","has-post-thumbnail","hentry","category-carrousel","category-cultura","tag-assembleia-legislativa","tag-cultura"],"acf":[],"_links":{"self":[{"href":"https:\/\/betodoisaum.com.br\/site\/wp-json\/wp\/v2\/posts\/7620","targetHints":{"allow":["GET"]}}],"collection":[{"href":"https:\/\/betodoisaum.com.br\/site\/wp-json\/wp\/v2\/posts"}],"about":[{"href":"https:\/\/betodoisaum.com.br\/site\/wp-json\/wp\/v2\/types\/post"}],"author":[{"embeddable":true,"href":"https:\/\/betodoisaum.com.br\/site\/wp-json\/wp\/v2\/users\/2"}],"replies":[{"embeddable":true,"href":"https:\/\/betodoisaum.com.br\/site\/wp-json\/wp\/v2\/comments?post=7620"}],"version-history":[{"count":0,"href":"https:\/\/betodoisaum.com.br\/site\/wp-json\/wp\/v2\/posts\/7620\/revisions"}],"wp:featuredmedia":[{"embeddable":true,"href":"https:\/\/betodoisaum.com.br\/site\/wp-json\/wp\/v2\/media\/7625"}],"wp:attachment":[{"href":"https:\/\/betodoisaum.com.br\/site\/wp-json\/wp\/v2\/media?parent=7620"}],"wp:term":[{"taxonomy":"category","embeddable":true,"href":"https:\/\/betodoisaum.com.br\/site\/wp-json\/wp\/v2\/categories?post=7620"},{"taxonomy":"post_tag","embeddable":true,"href":"https:\/\/betodoisaum.com.br\/site\/wp-json\/wp\/v2\/tags?post=7620"},{"taxonomy":"municipio","embeddable":true,"href":"https:\/\/betodoisaum.com.br\/site\/wp-json\/wp\/v2\/municipio?post=7620"}],"curies":[{"name":"wp","href":"https:\/\/api.w.org\/{rel}","templated":true}]}}