{"id":8241,"date":"2024-02-28T14:20:55","date_gmt":"2024-02-28T18:20:55","guid":{"rendered":"https:\/\/betodoisaum.com.br\/site\/?p=8241"},"modified":"2024-02-28T14:56:15","modified_gmt":"2024-02-28T18:56:15","slug":"grupos-de-trabalho-da-cst-da-cultura-contribuem-na-construcao-da-nova-lei-organica-da-cultura","status":"publish","type":"post","link":"https:\/\/betodoisaum.com.br\/site\/grupos-de-trabalho-da-cst-da-cultura-contribuem-na-construcao-da-nova-lei-organica-da-cultura\/","title":{"rendered":"Grupos de trabalho da CST contribuem para constru\u00e7\u00e3o da nova Lei Org\u00e2nica da Cultura"},"content":{"rendered":"\n<p>Esta semana o deputado Beto Dois a Um levantou as assinaturas necess\u00e1rias para a cria\u00e7\u00e3o da Frente Parlamentar da Cultura, que deve ser formalizada nos pr\u00f3ximos meses. Antes disso, por\u00e9m, a C\u00e2mara Setorial da Cultura segue ativa at\u00e9 o m\u00eas de julho.<\/p>\n\n\n\n<p>\u201cOs trabalhos da CST da Cultura seguem a todo vapor. Depois de algumas reuni\u00f5es com representantes de todos os segmentos da Cultura, criamos grupos de trabalhos espec\u00edficos para melhor organizar as necessidades de cada \u00e1rea. J\u00e1 estamos h\u00e1 mais de seis meses reunindo a classe para a constru\u00e7\u00e3o de uma nova pol\u00edtica estadual de fomento e desenvolvimento da cultura e da economia criativa\u201d, destaca Jan Moura, secret\u00e1rio adjunto de Cultura.<\/p>\n\n\n\n<p>Ao todo s\u00e3o oito grupos de trabalho pertencentes a CST da Cultura: GT Multicultural, dedicado \u00e0s artes visuais, m\u00fasica, hip-hop, capoeira, viola de cocho, teatro e produ\u00e7\u00e3o cultural, artes c\u00eanicas, culturas populares e temas em aberto; Transversalidade da Cultura; Escritor, Livro, Leitura, Literatura e Biblioteca; Audiovisual; Pol\u00edticas afirmativas; Conselho Estadual de Cultura e CIB; Patrim\u00f4nio hist\u00f3rico; e Ind\u00fastrias Criativas.<\/p>\n\n\n\n<p>As reuni\u00f5es dos grupos s\u00e3o definidas e organizadas de acordo com a disponibilidade e conven\u00e7\u00e3o dos membros. Cada grupo de trabalho vai contribuir com suas demandas em uma minuta que dever\u00e1 ser entregue \u00e0 organiza\u00e7\u00e3o da CST da Cultura at\u00e9 dia 15 de mar\u00e7o.<\/p>\n\n\n\n<p>\u201cAp\u00f3s a entrega das minutas, haver\u00e1 uma reuni\u00e3o geral e discuss\u00e3o para inclus\u00e3o na nova Lei da Cultura. Estamos bem adiantados nos trabalhos, assim, quando formalizada a Frente Parlamentar da Cultura, j\u00e1 teremos boa parte da nova leia da cultura estruturada\u201d, adianta Jan.<\/p>\n\n\n\n<p>Para o coordenador do Sistema Estadual de Bibliotecas P\u00fablicas de Mato Grosso, Carlos Alberto Santos, que lidera o GT Livro, Leitura e Bibliotecas, as reuni\u00f5es com o seu segmento est\u00e3o ampliando as possibilidades e buscam valorizar livros e literatos mato-grossenses com a constru\u00e7\u00e3o da nova lei.<\/p>\n\n\n\n<p>\u201cNossos encontros t\u00eam sido muito produtivos. Esse GT assegura, por meio de muito di\u00e1logo aberto, o respeito \u00e0 diversidade de cada segmento liter\u00e1rio, possibilitando a constru\u00e7\u00e3o de propostas transformadoras para as pol\u00edticas p\u00fablicas do Estado. Por meio do di\u00e1logo, as pol\u00edticas p\u00fablicas v\u00e3o sendo constru\u00eddas para a literatura de Mato Grosso, que a prop\u00f3sito \u00e9 muito potente\u201d, aponta.<\/p>\n\n\n\n<p>Para o deputado Beto Dois a Um, a CST j\u00e1 deu os primeiros passos importantes para que sejam identificadas as demandas dos mais variados segmentos da cultura.<\/p>\n\n\n\n<p>\u201cTemos representantes de todos os segmentos e vindos de todas as regi\u00f5es de Mato Grosso. Esses primeiros seis meses da CST da Cultura j\u00e1 apontam o ponto de virada, uma grande mudan\u00e7a na forma de pensar pol\u00edticas p\u00fablicas para a cultura em Mato Grosso. Estamos construindo juntos novos caminhos\u201d, conclui o parlamentar.<\/p>\n\n\n\n<p><strong><em>Da Assessoria <\/em><\/strong><\/p>\n","protected":false},"excerpt":{"rendered":"<p>Cada GT vai contribuir com suas demandas em uma minuta que dever\u00e1 ser entregue \u00e0 organiza\u00e7\u00e3o da CST da Cultura at\u00e9 dia 15 de mar\u00e7o<\/p>\n","protected":false},"author":2,"featured_media":4097,"comment_status":"open","ping_status":"open","sticky":false,"template":"","format":"standard","meta":{"_acf_changed":false,"footnotes":""},"categories":[27,67,21,11],"tags":[35,46,37],"municipio":[],"class_list":["post-8241","post","type-post","status-publish","format-standard","has-post-thumbnail","hentry","category-carrousel","category-cst-cultura","category-cultura","category-noticias","tag-assembleia-legislativa","tag-cultura","tag-politica"],"acf":[],"_links":{"self":[{"href":"https:\/\/betodoisaum.com.br\/site\/wp-json\/wp\/v2\/posts\/8241","targetHints":{"allow":["GET"]}}],"collection":[{"href":"https:\/\/betodoisaum.com.br\/site\/wp-json\/wp\/v2\/posts"}],"about":[{"href":"https:\/\/betodoisaum.com.br\/site\/wp-json\/wp\/v2\/types\/post"}],"author":[{"embeddable":true,"href":"https:\/\/betodoisaum.com.br\/site\/wp-json\/wp\/v2\/users\/2"}],"replies":[{"embeddable":true,"href":"https:\/\/betodoisaum.com.br\/site\/wp-json\/wp\/v2\/comments?post=8241"}],"version-history":[{"count":0,"href":"https:\/\/betodoisaum.com.br\/site\/wp-json\/wp\/v2\/posts\/8241\/revisions"}],"wp:featuredmedia":[{"embeddable":true,"href":"https:\/\/betodoisaum.com.br\/site\/wp-json\/wp\/v2\/media\/4097"}],"wp:attachment":[{"href":"https:\/\/betodoisaum.com.br\/site\/wp-json\/wp\/v2\/media?parent=8241"}],"wp:term":[{"taxonomy":"category","embeddable":true,"href":"https:\/\/betodoisaum.com.br\/site\/wp-json\/wp\/v2\/categories?post=8241"},{"taxonomy":"post_tag","embeddable":true,"href":"https:\/\/betodoisaum.com.br\/site\/wp-json\/wp\/v2\/tags?post=8241"},{"taxonomy":"municipio","embeddable":true,"href":"https:\/\/betodoisaum.com.br\/site\/wp-json\/wp\/v2\/municipio?post=8241"}],"curies":[{"name":"wp","href":"https:\/\/api.w.org\/{rel}","templated":true}]}}