{"id":8285,"date":"2024-02-29T11:31:22","date_gmt":"2024-02-29T15:31:22","guid":{"rendered":"https:\/\/betodoisaum.com.br\/site\/?p=8285"},"modified":"2024-02-29T11:36:24","modified_gmt":"2024-02-29T15:36:24","slug":"beto-quer-criar-frente-parlamentar-da-cultura-para-fortalecer-setor-na-almt","status":"publish","type":"post","link":"https:\/\/betodoisaum.com.br\/site\/beto-quer-criar-frente-parlamentar-da-cultura-para-fortalecer-setor-na-almt\/","title":{"rendered":"Beto quer criar Frente Parlamentar da Cultura para fortalecer setor na ALMT"},"content":{"rendered":"\n<p>O deputado Beto Dois a Um (PSB) protocolou pedido para a cria\u00e7\u00e3o da Frente Parlamentar da Cultura na Assembleia Legislativa de Mato Grosso. Ele apresentou o requerimento na \u00faltima quarta (29), e n\u00e3o escondeu a alegria diante da boa aceita\u00e7\u00e3o que a proposta teve entre os deputados. Isso porque das 8 assinaturas necess\u00e1rias para apresentar o pedido, conseguiu 15, quase o dobro.<\/p>\n\n\n\n<p>O parlamentar fez quest\u00e3o de agradecer aos colegas de parlamento e aos trabalhadores da cultura que anseiam pela abertura de um espa\u00e7o efetivo para discutir e propor a\u00e7\u00f5es para o setor.<\/p>\n\n\n\n<p>\u201cEstamos fazendo um trabalho grande para amadurecer o debate dentro do Legislativo e estou imensamente feliz por chegarmos nesse momento em que conseguimos propor a Frente Parlamentar da Cultura com tanta ades\u00e3o. Isso s\u00f3 \u00e9 poss\u00edvel porque existe gente disposta e competente atuando na C\u00e2mara Setorial Tem\u00e1tica. Foi nesse espa\u00e7o, que produtores culturais das mais diversas \u00e1reas tiveram voz e vamos ter muitas conquistas fruto desse trabalho\u201d, explicou<\/p>\n\n\n\n<p>Para ser criada, a Frente ainda precisa passar pelo rito interno na Assembleia. Ou seja, ser aprovada pela Comiss\u00e3o de Constitui\u00e7\u00e3o, Justi\u00e7a e Reda\u00e7\u00e3o e passar pelo crivo do plen\u00e1rio.<\/p>\n\n\n\n<p>Atualmente, o Regimento Interno da ALMT prev\u00ea a exist\u00eancia de 10 Frentes Parlamentares que atuam durante o per\u00edodo de 2 anos. A Frente da Cultura \u00e9 a 8\u00aa na fila para ser instalada, conforme forem encerrando as que est\u00e3o em atividade, e a previs\u00e3o \u00e9 de que isso ocorra ainda 2024.<\/p>\n\n\n\n<p>Nesse per\u00edodo, os trabalhos seguem a todo vapor na C\u00e2mara Setorial, por meio dos <a href=\"https:\/\/betodoisaum.com.br\/site\/grupos-de-trabalho-da-cst-da-cultura-contribuem-na-construcao-da-nova-lei-organica-da-cultura\/\">Grupos de trabalho que est\u00e3o focados na constru\u00e7\u00e3o da nova Lei Org\u00e2nica da Cultura<\/a>. Cada GT vai contribuir com suas demandas em uma minuta que dever\u00e1 ser entregue \u00e0 organiza\u00e7\u00e3o da CST da Cultura at\u00e9 dia 15 de mar\u00e7o.<\/p>\n","protected":false},"excerpt":{"rendered":"<p>O deputado apresentou o requerimento na \u00faltima quarta (29) e n\u00e3o escondeu a alegria diante da boa aceita\u00e7\u00e3o que a proposta teve entre os deputados. <\/p>\n","protected":false},"author":9,"featured_media":8286,"comment_status":"open","ping_status":"open","sticky":false,"template":"","format":"standard","meta":{"_acf_changed":false,"footnotes":""},"categories":[27,21,73],"tags":[36,35,46,50,37,39],"municipio":[],"class_list":["post-8285","post","type-post","status-publish","format-standard","has-post-thumbnail","hentry","category-carrousel","category-cultura","category-social","tag-20legislatura","tag-assembleia-legislativa","tag-cultura","tag-mandato","tag-politica","tag-vice-lider-do-governo"],"acf":[],"_links":{"self":[{"href":"https:\/\/betodoisaum.com.br\/site\/wp-json\/wp\/v2\/posts\/8285","targetHints":{"allow":["GET"]}}],"collection":[{"href":"https:\/\/betodoisaum.com.br\/site\/wp-json\/wp\/v2\/posts"}],"about":[{"href":"https:\/\/betodoisaum.com.br\/site\/wp-json\/wp\/v2\/types\/post"}],"author":[{"embeddable":true,"href":"https:\/\/betodoisaum.com.br\/site\/wp-json\/wp\/v2\/users\/9"}],"replies":[{"embeddable":true,"href":"https:\/\/betodoisaum.com.br\/site\/wp-json\/wp\/v2\/comments?post=8285"}],"version-history":[{"count":0,"href":"https:\/\/betodoisaum.com.br\/site\/wp-json\/wp\/v2\/posts\/8285\/revisions"}],"wp:featuredmedia":[{"embeddable":true,"href":"https:\/\/betodoisaum.com.br\/site\/wp-json\/wp\/v2\/media\/8286"}],"wp:attachment":[{"href":"https:\/\/betodoisaum.com.br\/site\/wp-json\/wp\/v2\/media?parent=8285"}],"wp:term":[{"taxonomy":"category","embeddable":true,"href":"https:\/\/betodoisaum.com.br\/site\/wp-json\/wp\/v2\/categories?post=8285"},{"taxonomy":"post_tag","embeddable":true,"href":"https:\/\/betodoisaum.com.br\/site\/wp-json\/wp\/v2\/tags?post=8285"},{"taxonomy":"municipio","embeddable":true,"href":"https:\/\/betodoisaum.com.br\/site\/wp-json\/wp\/v2\/municipio?post=8285"}],"curies":[{"name":"wp","href":"https:\/\/api.w.org\/{rel}","templated":true}]}}