{"id":8311,"date":"2024-03-05T14:37:33","date_gmt":"2024-03-05T18:37:33","guid":{"rendered":"https:\/\/betodoisaum.com.br\/site\/?p=8311"},"modified":"2024-03-06T10:46:26","modified_gmt":"2024-03-06T14:46:26","slug":"cst-da-cultura-recebera-minutas-de-cada-segmento-no-proximo-dia-15-de-marco-entenda","status":"publish","type":"post","link":"https:\/\/betodoisaum.com.br\/site\/cst-da-cultura-recebera-minutas-de-cada-segmento-no-proximo-dia-15-de-marco-entenda\/","title":{"rendered":"CST da Cultura receber\u00e1 minutas dos segmentos no dia 15 de mar\u00e7o; entenda"},"content":{"rendered":"\n<p>A C\u00e2mara Setorial Tem\u00e1tica da Cultura segue atuante at\u00e9 o pr\u00f3ximo m\u00eas de julho, quando completa doze meses de atividades. O objetivo \u00e9 elaborar uma nova lei criada a partir das demandas da classe. Atualmente a CST da Cultura est\u00e1 organizada em oito grupos de trabalho que representam todos os segmentos culturais. &nbsp;<\/p>\n\n\n\n<p>A secret\u00e1ria da CST da Cultura, Fernanda Amorim, destaca que, em geral, os GTs est\u00e3o bem estruturados e com objetivos bem definidos, cada qual na sua \u00e1rea de atua\u00e7\u00e3o espec\u00edfica. <\/p>\n\n\n\n<p>\u201cToda colabora\u00e7\u00e3o \u00e9 bem-vinda, quanto mais representantes do setor cultural, melhor. Por isso, n\u00e3o deixe de participar. Compartilhe suas opini\u00f5es e anseios, essa \u00e9 a melhor forma de construirmos juntos pol\u00edticas p\u00fablicas poderosas. &nbsp;Sugest\u00f5es sobre pol\u00edticas afirmativas tamb\u00e9m s\u00e3o muito bem-vindas, para isso criamos um formul\u00e1rio especial dedicado a essa pauta\u201d, destaca Fernanda.<\/p>\n\n\n\n<p><a href=\"https:\/\/forms.gle\/ih96uh8Ytyecieeq7\">Acesse o formul\u00e1rio de Pol\u00edticas Afirmativas<\/a> <\/p>\n\n\n\n<p>\u201cA\u00e7\u00f5es afirmativas s\u00e3o essenciais, s\u00e3o pol\u00edticas sociais de combate a discrimina\u00e7\u00f5es \u00e9tnicas, raciais, religiosas, de g\u00eanero, para promover a participa\u00e7\u00e3o de minorias no processo pol\u00edtico\u201d, explica.<\/p>\n\n\n\n<p>\u00c9 preciso salientar que o prazo para a entrega das minutas de cada um dos oito grupos de trabalho est\u00e1 programado para o pr\u00f3ximo dia 15 de mar\u00e7o e que o compilado dessas demandas subsidiar\u00e1 o setor jur\u00eddico para a cria\u00e7\u00e3o da nova leia. A primeira vers\u00e3o dessa nova lei ser\u00e1 apresentada na pr\u00f3xima reuni\u00e3o da CST da Cultura, pr\u00e9-agendada para o dia 4 de abril, na Assembleia Legislativa de Mato Grosso. &nbsp;<\/p>\n\n\n\n<p>\u201cS\u00e3o essas minutas que apresentar\u00e3o as demandas, necessidades, ajustes que a lei precisa ter para contemplar cada um dos segmentos, hoje organizados em grupos de trabalho\u201d, explica Fernanda.<\/p>\n\n\n\n<p>Os grupos de trabalho pertencentes a CST da Cultura s\u00e3o: GT Multicultural, dedicado \u00e0s artes visuais, m\u00fasica, hip-hop, capoeira, viola de cocho, teatro e produ\u00e7\u00e3o cultural, artes c\u00eanicas, culturas populares e temas em aberto; Transversalidade da Cultura; Escritor, Livro, Leitura, Literatura e Biblioteca; Audiovisual; Pol\u00edticas Afirmativas; Conselho Estadual de Cultura e CIB; Patrim\u00f4nio hist\u00f3rico; e Ind\u00fastrias Criativas.<\/p>\n\n\n\n<p>Para o deputado Beto Dois a Um, a CST j\u00e1 deu alguns passos importantes para que sejam identificadas as demandas dos mais variados segmentos da cultura.<\/p>\n\n\n\n<p>\u201cTemos representantes de todos os segmentos e vindos de todas as regi\u00f5es de Mato Grosso. Esses primeiros seis meses da CST da Cultura j\u00e1 apontam o ponto de virada, uma grande mudan\u00e7a na forma de pensar pol\u00edticas p\u00fablicas para a cultura em Mato Grosso. Estamos construindo juntos novos caminhos\u201d, conclui o parlamentar.<\/p>\n\n\n\n<p><strong>Para al\u00e9m da CST da Cultura<\/strong><\/p>\n\n\n\n<p>No m\u00eas de fevereiro o deputado Beto Dois a Um levantou as assinaturas necess\u00e1rias para a cria\u00e7\u00e3o da Frente Parlamentar da Cultura, que deve ser formalizada nos pr\u00f3ximos meses.&nbsp;Das oito assinaturas necess\u00e1rias o parlamentar conseguiu 15.<\/p>\n\n\n\n<p>\u201cEstamos realizando grande trabalho para amadurecer o debate dentro do Legislativo e estou imensamente feliz por chegarmos nesse momento em que conseguimos propor a Frente Parlamentar da Cultura com tanta ades\u00e3o. Isso s\u00f3 \u00e9 poss\u00edvel porque existe gente disposta e competente atuando na C\u00e2mara Setorial Tem\u00e1tica. Foi nesse espa\u00e7o que produtores culturais das mais diversas \u00e1reas tiveram suas vozes amplificadas e vamos ter muitas conquistas ainda, fruto desse trabalho\u201d, explicou.<\/p>\n\n\n\n<p>Para ser criada, a Frente ainda precisa passar pelo rito interno na Assembleia. Ou seja, ser aprovada pela Comiss\u00e3o de Constitui\u00e7\u00e3o, Justi\u00e7a e Reda\u00e7\u00e3o e passar pelo crivo do plen\u00e1rio.<\/p>\n\n\n\n<p>Atualmente, o Regimento Interno da ALMT prev\u00ea a exist\u00eancia de 10 Frentes Parlamentares que atuam durante o per\u00edodo de 2 anos. A Frente da Cultura \u00e9 a 8\u00aa na fila para ser instalada, conforme forem encerrando as que est\u00e3o em atividade, e a previs\u00e3o \u00e9 de que isso ocorra ainda 2024.<\/p>\n","protected":false},"excerpt":{"rendered":"<p>O compilado dessas demandas subsidiar\u00e1 a cria\u00e7\u00e3o da Leia Org\u00e2nica da Cultura. A primeira vers\u00e3o da nova lei ser\u00e1 apresentada na reuni\u00e3o da CST, pr\u00e9-agendada para 4 de abril na ALMT<\/p>\n","protected":false},"author":2,"featured_media":8312,"comment_status":"open","ping_status":"open","sticky":false,"template":"","format":"standard","meta":{"_acf_changed":false,"footnotes":""},"categories":[27,67,21,11],"tags":[35,46,37,49],"municipio":[],"class_list":["post-8311","post","type-post","status-publish","format-standard","has-post-thumbnail","hentry","category-carrousel","category-cst-cultura","category-cultura","category-noticias","tag-assembleia-legislativa","tag-cultura","tag-politica","tag-projeto-de-lei"],"acf":[],"_links":{"self":[{"href":"https:\/\/betodoisaum.com.br\/site\/wp-json\/wp\/v2\/posts\/8311","targetHints":{"allow":["GET"]}}],"collection":[{"href":"https:\/\/betodoisaum.com.br\/site\/wp-json\/wp\/v2\/posts"}],"about":[{"href":"https:\/\/betodoisaum.com.br\/site\/wp-json\/wp\/v2\/types\/post"}],"author":[{"embeddable":true,"href":"https:\/\/betodoisaum.com.br\/site\/wp-json\/wp\/v2\/users\/2"}],"replies":[{"embeddable":true,"href":"https:\/\/betodoisaum.com.br\/site\/wp-json\/wp\/v2\/comments?post=8311"}],"version-history":[{"count":0,"href":"https:\/\/betodoisaum.com.br\/site\/wp-json\/wp\/v2\/posts\/8311\/revisions"}],"wp:featuredmedia":[{"embeddable":true,"href":"https:\/\/betodoisaum.com.br\/site\/wp-json\/wp\/v2\/media\/8312"}],"wp:attachment":[{"href":"https:\/\/betodoisaum.com.br\/site\/wp-json\/wp\/v2\/media?parent=8311"}],"wp:term":[{"taxonomy":"category","embeddable":true,"href":"https:\/\/betodoisaum.com.br\/site\/wp-json\/wp\/v2\/categories?post=8311"},{"taxonomy":"post_tag","embeddable":true,"href":"https:\/\/betodoisaum.com.br\/site\/wp-json\/wp\/v2\/tags?post=8311"},{"taxonomy":"municipio","embeddable":true,"href":"https:\/\/betodoisaum.com.br\/site\/wp-json\/wp\/v2\/municipio?post=8311"}],"curies":[{"name":"wp","href":"https:\/\/api.w.org\/{rel}","templated":true}]}}