{"id":8395,"date":"2024-03-21T15:28:30","date_gmt":"2024-03-21T19:28:30","guid":{"rendered":"https:\/\/betodoisaum.com.br\/site\/?p=8395"},"modified":"2024-03-22T09:44:25","modified_gmt":"2024-03-22T13:44:25","slug":"sob-articulacao-de-beto-rosario-tera-maior-recurso-em-pavimentacao-urbana-e-acoes-chegam-a-r-8-milhoes","status":"publish","type":"post","link":"https:\/\/betodoisaum.com.br\/site\/sob-articulacao-de-beto-rosario-tera-maior-recurso-em-pavimentacao-urbana-e-acoes-chegam-a-r-8-milhoes\/","title":{"rendered":"Sob articula\u00e7\u00e3o de Beto, Ros\u00e1rio ter\u00e1 o maior recurso em pavimenta\u00e7\u00e3o urbana de sua hist\u00f3ria e a\u00e7\u00f5es chegam a R$ 8 milh\u00f5es"},"content":{"rendered":"\n<p><\/p>\n\n\n\n<p>O deputado Beto Dois a Um viabilizou recurso no valor de R$ 6 milh\u00f5es para pavimenta\u00e7\u00e3o do bairro Nossa Senhora Aparecida em Ros\u00e1rio Oeste junto \u00e0 Secretaria de Estrado de Infraestrutura (Sinfra). O parlamentar tamb\u00e9m conseguiu junto \u00e0 Secret\u00e1ria de Estado de Agricultura Familiar (Seaf) tr\u00eas caminh\u00f5es pipa para o munic\u00edpio e ainda viabilizou equipamentos de lazer para pra\u00e7as nas zonas rural e urbana.<\/p>\n\n\n\n<p>As demandas de Ros\u00e1rio foram levadas ao deputado por meio do prefeito Alex Berto e do vereador Jos\u00e9 Gomes, o Z\u00e9 Cabeludo. As pra\u00e7as que devem receber os equipamentos est\u00e3o localizadas no distrito do Bauxi, escola no V\u00e3o da Serra e nos bairros Nossa Senhora Aparecida, Aeroporto, Santa Isabel e Centro.<\/p>\n\n\n\n<p>Ao todo, s\u00e3o R$ 8 milh\u00f5es para Ros\u00e1rio. O recurso vai para pavimenta\u00e7\u00e3o urbana (R$ 6 milh\u00f5es), tr\u00eas caminh\u00f5es (R$ 1 milh\u00e3o), R$ 600 mil em equipamentos para pra\u00e7as e parques, al\u00e9m de R$ 600 mil para o anivers\u00e1rio do munic\u00edpio. Beto enfatizou que o governador Mauro Mendes e o vice-governador Otaviano Pivetta tem trabalhado com aten\u00e7\u00e3o \u00e0s demandas de Ros\u00e1rio. <\/p>\n\n\n\n<p>\u201c\u00c9 com muita alegria e satisfa\u00e7\u00e3o que podemos comemorar essas conquistas para Ros\u00e1rio Oeste, um munic\u00edpio que eu tenho enorme carinho. O prefeito Alex e o vereador Z\u00e9 Cabeludo s\u00e3o trabalhadores de primeira hora quando se fala em buscar melhorias para a popula\u00e7\u00e3o e fico muito feliz de conseguirmos, juntos, entregar resultados que fazem a diferen\u00e7a. Agrade\u00e7o ao governador Mauro Mendes e ao vice-governador Otaviano Pivetta pelo empenho em atender a popula\u00e7\u00e3o de Ros\u00e1rio \u201d, afirmou o deputado. <\/p>\n\n\n\n<p>Beto j\u00e1 havia recebido o prefeito e o vereador no m\u00eas passado para afinar as demandas que poderiam viabilizar junto ao Governo do Estado e voltaram a se reunir na \u00faltima quarta (20), na Assembleia&nbsp;Legislativa.<\/p>\n\n\n\n<p>O deputado ainda destacou o trabalho de lideran\u00e7as que vem ajudando na constru\u00e7\u00e3o de projetos para Ros\u00e1rio, tais como a ex-vereadora Luzia, o suplente Jozimar Batista, o secret\u00e1rio adjunto de Esporte Professor Bonif\u00e1cio Ojeda, coordenadora da Brigada Municipal Civil Ereneuza Costa, o procurador Municipal Dr. Dejair Liu, o ex-prefeito Valdo e os empres\u00e1rios Josemar Gomes, Marcos Montenegro, Allan Furtado e \u00cdtalo Augusto.<\/p>\n\n\n\n<p><\/p>\n","protected":false},"excerpt":{"rendered":"<p>Ao todo, s\u00e3o R$ 8 milh\u00f5es para Ros\u00e1rio Oeste. O recurso vai para pavimenta\u00e7\u00e3o urbana (R$ 6 milh\u00f5es), tr\u00eas caminh\u00f5es (R$ 1 milh\u00e3o), R$ 600 mil em equipamentos para pra\u00e7as e parques, al\u00e9m de R$ 600 mil para o anivers\u00e1rio do munic\u00edpio.<\/p>\n","protected":false},"author":9,"featured_media":8396,"comment_status":"open","ping_status":"open","sticky":false,"template":"","format":"standard","meta":{"_acf_changed":false,"footnotes":""},"categories":[25,24,27,16,21,74,12,17,26,11,73],"tags":[36,35,48,50,37],"municipio":[],"class_list":["post-8395","post","type-post","status-publish","format-standard","has-post-thumbnail","hentry","category-agricultura-familiar","category-assistencia-social","category-carrousel","category-comercio","category-cultura","category-economia","category-geral","category-industria","category-meio-ambiente","category-noticias","category-social","tag-20legislatura","tag-assembleia-legislativa","tag-inclusao","tag-mandato","tag-politica"],"acf":[],"_links":{"self":[{"href":"https:\/\/betodoisaum.com.br\/site\/wp-json\/wp\/v2\/posts\/8395","targetHints":{"allow":["GET"]}}],"collection":[{"href":"https:\/\/betodoisaum.com.br\/site\/wp-json\/wp\/v2\/posts"}],"about":[{"href":"https:\/\/betodoisaum.com.br\/site\/wp-json\/wp\/v2\/types\/post"}],"author":[{"embeddable":true,"href":"https:\/\/betodoisaum.com.br\/site\/wp-json\/wp\/v2\/users\/9"}],"replies":[{"embeddable":true,"href":"https:\/\/betodoisaum.com.br\/site\/wp-json\/wp\/v2\/comments?post=8395"}],"version-history":[{"count":0,"href":"https:\/\/betodoisaum.com.br\/site\/wp-json\/wp\/v2\/posts\/8395\/revisions"}],"wp:featuredmedia":[{"embeddable":true,"href":"https:\/\/betodoisaum.com.br\/site\/wp-json\/wp\/v2\/media\/8396"}],"wp:attachment":[{"href":"https:\/\/betodoisaum.com.br\/site\/wp-json\/wp\/v2\/media?parent=8395"}],"wp:term":[{"taxonomy":"category","embeddable":true,"href":"https:\/\/betodoisaum.com.br\/site\/wp-json\/wp\/v2\/categories?post=8395"},{"taxonomy":"post_tag","embeddable":true,"href":"https:\/\/betodoisaum.com.br\/site\/wp-json\/wp\/v2\/tags?post=8395"},{"taxonomy":"municipio","embeddable":true,"href":"https:\/\/betodoisaum.com.br\/site\/wp-json\/wp\/v2\/municipio?post=8395"}],"curies":[{"name":"wp","href":"https:\/\/api.w.org\/{rel}","templated":true}]}}