{"id":8405,"date":"2024-03-27T15:13:11","date_gmt":"2024-03-27T19:13:11","guid":{"rendered":"https:\/\/betodoisaum.com.br\/site\/?p=8405"},"modified":"2024-03-27T15:19:17","modified_gmt":"2024-03-27T19:19:17","slug":"precisamos-dar-continuidade-a-essa-boa-fase-da-cultura-destaca-beto-dois-a-um-na-abertura-do-encontro-de-gestores-municipais-de-cultura","status":"publish","type":"post","link":"https:\/\/betodoisaum.com.br\/site\/precisamos-dar-continuidade-a-essa-boa-fase-da-cultura-destaca-beto-dois-a-um-na-abertura-do-encontro-de-gestores-municipais-de-cultura\/","title":{"rendered":"\u201cPrecisamos dar continuidade a essa boa fase da cultura\u201d, destaca Beto Dois a Um na abertura do Encontro de Gestores Municipais de Cultura"},"content":{"rendered":"\n<p>Com objetivo de construir novas propostas para mudan\u00e7as sociais por meio de pol\u00edticas culturais, a Secretaria de Cultura, Esporte e Lazer de Mato Grosso (Secel) realizou na manh\u00e3 desta quarta-feira (27), no Cine Teatro Cuiab\u00e1, o Encontro Anual de Gestores Municipais de Cultura.<\/p>\n\n\n\n<p>Al\u00e9m do deputado Beto Dois a Um, considerado o maior representante da cultura no parlamento, participaram do encontro mais de 300 agentes p\u00fablicos, dentre eles gestores, secret\u00e1rios e coordenadores de cultura de todas as regi\u00f5es de Mato Grosso.<\/p>\n\n\n\n<p>\u201cPrecisamos dar continuidade a essa boa fase da cultura, continuar esse trabalho de democratiza\u00e7\u00e3o ao acesso, de crescimento como classe. Hoje temos mais recursos e condi\u00e7\u00f5es de ir mais longe. Eu pe\u00e7o a todos os gestores de Mato Grosso que continuemos de m\u00e3os dadas para que possamos transformar essa mudan\u00e7a que vem ocorrendo nos \u00faltimos anos em uma realidade permanente. Precisamos ocupar os espa\u00e7os, a todos os gestores e trabalhadores da cultura eu pe\u00e7o, participem do processo eleitoral de alguma forma para que tenhamos nossas vozes cada vez mais amplificadas\u201d, disse Beto Dois a Um em seu discurso de boas-vindas.<\/p>\n\n\n\n<p>De acordo com o secret\u00e1rio adjunto de Cultura da Secel, Jan Moura, o principal desafio da reuni\u00e3o conjunta \u00e9 assegurar o desenvolvimento social por meio da cultura.<\/p>\n\n\n\n<p>\u201cPrecisamos de esfor\u00e7os conceituais, jur\u00eddicos, pol\u00edticos e financeiros para garantir que a cultura seja de fato uma pol\u00edtica p\u00fablica efetiva na constru\u00e7\u00e3o de uma sociedade desenvolvida e economicamente ativa\u201d, aponta.&nbsp;<\/p>\n\n\n\n<p>A programa\u00e7\u00e3o do Encontro de Gestores Municipais de Cultura segue no per\u00edodo da tarde desta quarta-feira, das 15h \u00e0s 18h, quando especialistas apresentam aspectos jur\u00eddicos sobre fomento e os marcos regulat\u00f3rios da cultura.<\/p>\n\n\n\n<p>Na quinta-feira (28.03), \u00e0s 8h30, uma equipe do Minist\u00e9rio da Cultura (MinC) fala sobre \u201cGest\u00e3o da Lei Paulo Gustavo e Pol\u00edtica Nacional Aldir Blanc\u201d. Em seguida, \u00e0s 10h30, o secret\u00e1rio adjunto Jan Moura finaliza o Encontro com o tema \u201cDireitos Culturais e a Cultura como Pol\u00edtica P\u00fablica de Combate \u00e0s Desigualdades\u201d.<\/p>\n\n\n\n<p>\u201cSer\u00e1 uma oportunidade de estreitar di\u00e1logos entre munic\u00edpios, Estado e Uni\u00e3o para dinamizar a execu\u00e7\u00e3o dos recursos, potencializando o desenvolvimento das a\u00e7\u00f5es culturais\u201d, conclui Jan.<\/p>\n","protected":false},"excerpt":{"rendered":"<p>Al\u00e9m do deputado Beto Dois a Um, participaram do encontro mais de 300 agentes p\u00fablicos, dentre gestores, secret\u00e1rios e coordenadores de cultura de MT<\/p>\n","protected":false},"author":2,"featured_media":8406,"comment_status":"open","ping_status":"open","sticky":false,"template":"","format":"standard","meta":{"_acf_changed":false,"footnotes":""},"categories":[27,21,11],"tags":[46,37],"municipio":[],"class_list":["post-8405","post","type-post","status-publish","format-standard","has-post-thumbnail","hentry","category-carrousel","category-cultura","category-noticias","tag-cultura","tag-politica"],"acf":[],"_links":{"self":[{"href":"https:\/\/betodoisaum.com.br\/site\/wp-json\/wp\/v2\/posts\/8405","targetHints":{"allow":["GET"]}}],"collection":[{"href":"https:\/\/betodoisaum.com.br\/site\/wp-json\/wp\/v2\/posts"}],"about":[{"href":"https:\/\/betodoisaum.com.br\/site\/wp-json\/wp\/v2\/types\/post"}],"author":[{"embeddable":true,"href":"https:\/\/betodoisaum.com.br\/site\/wp-json\/wp\/v2\/users\/2"}],"replies":[{"embeddable":true,"href":"https:\/\/betodoisaum.com.br\/site\/wp-json\/wp\/v2\/comments?post=8405"}],"version-history":[{"count":0,"href":"https:\/\/betodoisaum.com.br\/site\/wp-json\/wp\/v2\/posts\/8405\/revisions"}],"wp:featuredmedia":[{"embeddable":true,"href":"https:\/\/betodoisaum.com.br\/site\/wp-json\/wp\/v2\/media\/8406"}],"wp:attachment":[{"href":"https:\/\/betodoisaum.com.br\/site\/wp-json\/wp\/v2\/media?parent=8405"}],"wp:term":[{"taxonomy":"category","embeddable":true,"href":"https:\/\/betodoisaum.com.br\/site\/wp-json\/wp\/v2\/categories?post=8405"},{"taxonomy":"post_tag","embeddable":true,"href":"https:\/\/betodoisaum.com.br\/site\/wp-json\/wp\/v2\/tags?post=8405"},{"taxonomy":"municipio","embeddable":true,"href":"https:\/\/betodoisaum.com.br\/site\/wp-json\/wp\/v2\/municipio?post=8405"}],"curies":[{"name":"wp","href":"https:\/\/api.w.org\/{rel}","templated":true}]}}