{"id":8436,"date":"2024-04-07T19:51:55","date_gmt":"2024-04-07T23:51:55","guid":{"rendered":"https:\/\/betodoisaum.com.br\/site\/?p=8436"},"modified":"2024-04-07T19:51:56","modified_gmt":"2024-04-07T23:51:56","slug":"beto-publica-releitura-de-clipe-do-dois-a-um-em-homenagem-aos-305-anos-de-cuiaba","status":"publish","type":"post","link":"https:\/\/betodoisaum.com.br\/site\/beto-publica-releitura-de-clipe-do-dois-a-um-em-homenagem-aos-305-anos-de-cuiaba\/","title":{"rendered":"Beto publica releitura de clipe do Dois a Um em homenagem aos 305 anos de Cuiab\u00e1"},"content":{"rendered":"\n<p><\/p>\n\n\n\n<p>Cuiab\u00e1 do Rasqueado, do Siriri, do Cururu, do peixe, da farofa de banana e \u201cda moda de viola tamb\u00e9m\u201d, como lembra o deputado estadual Beto Dois a Um (Uni\u00e3o), que publicou uma releitura do clipe da m\u00fasica \u201cSou Mais Cuiab\u00e1\u201d, parceria com Ivan Dois a Um. A capital mato-grossense completa 305 nesta segunda-feira (8) e o deputado aproveitou para enaltecer a for\u00e7a da cultura cuiabana e lembrou que \u201c\u00e9 preciso cuidar cada vez mais da cidade para que as pessoas e essas express\u00f5es culturais t\u00e3o ricas possam brilhar ainda mais\u201d.<\/p>\n\n\n\n<p>\u201cA m\u00fasica \u00e9 uma declara\u00e7\u00e3o de amor a essa cidade que eu amo tanto e que me acolheu, como a tanta gente. Quando fizemos o clipe, pudemos reunir muita gente que fez parte da hist\u00f3ria do Dois a Um e trazer refer\u00eancias de grupos culturais daqui. Hoje \u00e9 um dia para celebrar e tamb\u00e9m para refletir sobre os desafios que Cuiab\u00e1 vive e como pudemos nos unir para cuidar dela. Afinal, quem ama, cuida\u201d, disse Beto.<\/p>\n\n\n\n<p>Al\u00e9m da musicalidade rica mistura de influ\u00eancias e harmonias vocais, a novidade \u00e9 que o clipe traz imagens atuais imagens de locais emblem\u00e1ticos para o parlamentar como o Parque das \u00c1guas, empreendimento liderado por Beto quando secret\u00e1rio de Cultura na gest\u00e3o de Mauro Mendes na Prefeitura. A Arena Pantanal, que completou 10 anos na semana passada, recebeu aten\u00e7\u00e3o de Beto quando esteve \u00e0 frente da secretaria de Estado de Cultura, Esporte e Lazer e o local deixou de ser \u201cum elefante branco\u201d e colocou Mato Grosso no circuito dos grandes eventos.<\/p>\n\n\n\n<p>A letra faz refer\u00eancia ao calor cuiabano, que faz \u201cferver\u201d esse caldeir\u00e3o cultural. \u201cT\u00e1 40 graus, mas pra mim t\u00e1 b\u00e3o! T\u00f4 feliz demais, t\u00f4 querendo \u00e9 mais, sou mais Cuiab\u00e1\u201d, diz trecho. A releitura de \u201cSou Mais Cuiab\u00e1\u201d \u00e9 uma forma calorosa que o deputado e seus colegas encontraram para parabenizar os 305 anos de nossa cidade.<\/p>\n\n\n\n<p><a href=\"https:\/\/www.youtube.com\/watch?v=UaJ00a-8Qj4\">Clique aqui e assista o clipe!<\/a><\/p>\n\n\n\n<p><\/p>\n","protected":false},"excerpt":{"rendered":"<p>Cuiab\u00e1 do Rasqueado, do Siriri, do Cururu, do peixe, da farofa de banana e \u201cda moda de viola tamb\u00e9m\u201d, como lembra o deputado estadual Beto Dois a Um (Uni\u00e3o), que publicou uma releitura do clipe da m\u00fasica \u201cSou Mais Cuiab\u00e1\u201d, parceria com Ivan Dois a Um. A capital mato-grossense completa 305 nesta segunda-feira (8) e [&hellip;]<\/p>\n","protected":false},"author":9,"featured_media":8437,"comment_status":"open","ping_status":"open","sticky":false,"template":"","format":"standard","meta":{"_acf_changed":false,"footnotes":""},"categories":[27,11],"tags":[35,46,50,37,40,39],"municipio":[],"class_list":["post-8436","post","type-post","status-publish","format-standard","has-post-thumbnail","hentry","category-carrousel","category-noticias","tag-assembleia-legislativa","tag-cultura","tag-mandato","tag-politica","tag-social","tag-vice-lider-do-governo"],"acf":[],"_links":{"self":[{"href":"https:\/\/betodoisaum.com.br\/site\/wp-json\/wp\/v2\/posts\/8436","targetHints":{"allow":["GET"]}}],"collection":[{"href":"https:\/\/betodoisaum.com.br\/site\/wp-json\/wp\/v2\/posts"}],"about":[{"href":"https:\/\/betodoisaum.com.br\/site\/wp-json\/wp\/v2\/types\/post"}],"author":[{"embeddable":true,"href":"https:\/\/betodoisaum.com.br\/site\/wp-json\/wp\/v2\/users\/9"}],"replies":[{"embeddable":true,"href":"https:\/\/betodoisaum.com.br\/site\/wp-json\/wp\/v2\/comments?post=8436"}],"version-history":[{"count":0,"href":"https:\/\/betodoisaum.com.br\/site\/wp-json\/wp\/v2\/posts\/8436\/revisions"}],"wp:featuredmedia":[{"embeddable":true,"href":"https:\/\/betodoisaum.com.br\/site\/wp-json\/wp\/v2\/media\/8437"}],"wp:attachment":[{"href":"https:\/\/betodoisaum.com.br\/site\/wp-json\/wp\/v2\/media?parent=8436"}],"wp:term":[{"taxonomy":"category","embeddable":true,"href":"https:\/\/betodoisaum.com.br\/site\/wp-json\/wp\/v2\/categories?post=8436"},{"taxonomy":"post_tag","embeddable":true,"href":"https:\/\/betodoisaum.com.br\/site\/wp-json\/wp\/v2\/tags?post=8436"},{"taxonomy":"municipio","embeddable":true,"href":"https:\/\/betodoisaum.com.br\/site\/wp-json\/wp\/v2\/municipio?post=8436"}],"curies":[{"name":"wp","href":"https:\/\/api.w.org\/{rel}","templated":true}]}}