{"id":8447,"date":"2024-04-09T16:53:44","date_gmt":"2024-04-09T20:53:44","guid":{"rendered":"https:\/\/betodoisaum.com.br\/site\/?p=8447"},"modified":"2024-04-09T17:15:03","modified_gmt":"2024-04-09T21:15:03","slug":"beto-e-eleito-presidente-das-comissoes-de-educacao-e-de-trabalho-na-almt","status":"publish","type":"post","link":"https:\/\/betodoisaum.com.br\/site\/beto-e-eleito-presidente-das-comissoes-de-educacao-e-de-trabalho-na-almt\/","title":{"rendered":"Beto \u00e9 eleito presidente das Comiss\u00f5es de Educa\u00e7\u00e3o e de Trabalho na ALMT"},"content":{"rendered":"\n<p><\/p>\n\n\n\n<p>O deputado Beto Dois a Um (Uni\u00e3o) foi eleito presidente de duas Comiss\u00f5es da Assembleia Legislativa, nesta ter\u00e7a-feira (9). Na Comiss\u00e3o de Educa\u00e7\u00e3o, Ci\u00eancia, Tecnologia, Cultura e Desporto, os trabalhos ser\u00e3o comandados ainda por Thiago Silva (MDB), como vice-presidente e na Comiss\u00e3o de Trabalho, Administra\u00e7\u00e3o e Servi\u00e7o P\u00fablico, foi reconduzida a Mesa Diretora composta por Beto como presidente e a deputada Janaina Riva (MDB) como vice.<\/p>\n\n\n\n<p>As comiss\u00f5es debatem cada iniciativa parlamentar por meio de projeto de lei e mensagens do Executivo de acordo com os temas propostos. Dessa forma, \u00e9 poss\u00edvel focar na especificidade de cada projeto, avaliando pontos espec\u00edficos e seus impactos, caso a iniciativa avance at\u00e9 virar lei.<\/p>\n\n\n\n<p>\u201cQuero parabenizar os deputados pelo engajamento nas comiss\u00f5es o que faz com que elas sejam muito atuantes. Vamos nos dedicar muito em dar sequ\u00eancia ao trabalho de quem me antecedeu na Comiss\u00e3o de Educa\u00e7\u00e3o que foi o deputado Thiago Silva. Preciso ainda destacar a qualidade do trabalho das equipes t\u00e9cnicas, s\u00e3o profissionais excelentes e que se dedicam muito para que possamos levar \u00e0 sociedade boas propostas. Assim, temos uma Assembleia atenta \u00e0 popula\u00e7\u00e3o e ao lado do Governo do Estado nesse trabalho\u201d, afirmou Beto.<\/p>\n\n\n\n<p>O deputado Thiago Silva fez quest\u00e3o de destacar o trabalho do deputado Beto nos temas da Comiss\u00e3o de Educa\u00e7\u00e3o, Ci\u00eancia, Tecnologia, Cultura e Desporto. \u201c\u00c9 o primeiro mandato dele e j\u00e1 se mostrou muito competente sobre o funcionamento das comiss\u00f5es, al\u00e9m do seu trabalho como vice-l\u00edder do Governo e da aten\u00e7\u00e3o que d\u00e1 \u00e0 cultura e ao esporte. Beto trouxe sua experi\u00eancia como secret\u00e1rio de Estado de Cuiab\u00e1 para a Assembleia e tenho certeza que a presid\u00eancia dessa comiss\u00e3o est\u00e1 em boas m\u00e3os\u201d, finalizou.<\/p>\n\n\n\n<p>Beto ainda foi eleito vice-presidente da Comiss\u00e3o de Ind\u00fastria, Com\u00e9rcio e Turismo, que passa a ser presidida por Diego Guimar\u00e3es (Republicanos). J\u00e1 na Comiss\u00e3o de Seguran\u00e7a P\u00fablica e Comunit\u00e1ria, Beto continuar\u00e1 como titular e os trabalhos seguem presididos pelo deputado Elizeu Nascimento (PL) e tem Dr. Jo\u00e3o como vice-presidente.<\/p>\n","protected":false},"excerpt":{"rendered":"<p>As comiss\u00f5es debatem cada iniciativa parlamentar por meio de projeto de lei e mensagens do Executivo de acordo com os temas propostos. <\/p>\n","protected":false},"author":9,"featured_media":8443,"comment_status":"open","ping_status":"open","sticky":false,"template":"","format":"standard","meta":{"_acf_changed":false,"footnotes":""},"categories":[1],"tags":[],"municipio":[],"class_list":["post-8447","post","type-post","status-publish","format-standard","has-post-thumbnail","hentry","category-sem-categoria"],"acf":[],"_links":{"self":[{"href":"https:\/\/betodoisaum.com.br\/site\/wp-json\/wp\/v2\/posts\/8447","targetHints":{"allow":["GET"]}}],"collection":[{"href":"https:\/\/betodoisaum.com.br\/site\/wp-json\/wp\/v2\/posts"}],"about":[{"href":"https:\/\/betodoisaum.com.br\/site\/wp-json\/wp\/v2\/types\/post"}],"author":[{"embeddable":true,"href":"https:\/\/betodoisaum.com.br\/site\/wp-json\/wp\/v2\/users\/9"}],"replies":[{"embeddable":true,"href":"https:\/\/betodoisaum.com.br\/site\/wp-json\/wp\/v2\/comments?post=8447"}],"version-history":[{"count":0,"href":"https:\/\/betodoisaum.com.br\/site\/wp-json\/wp\/v2\/posts\/8447\/revisions"}],"wp:featuredmedia":[{"embeddable":true,"href":"https:\/\/betodoisaum.com.br\/site\/wp-json\/wp\/v2\/media\/8443"}],"wp:attachment":[{"href":"https:\/\/betodoisaum.com.br\/site\/wp-json\/wp\/v2\/media?parent=8447"}],"wp:term":[{"taxonomy":"category","embeddable":true,"href":"https:\/\/betodoisaum.com.br\/site\/wp-json\/wp\/v2\/categories?post=8447"},{"taxonomy":"post_tag","embeddable":true,"href":"https:\/\/betodoisaum.com.br\/site\/wp-json\/wp\/v2\/tags?post=8447"},{"taxonomy":"municipio","embeddable":true,"href":"https:\/\/betodoisaum.com.br\/site\/wp-json\/wp\/v2\/municipio?post=8447"}],"curies":[{"name":"wp","href":"https:\/\/api.w.org\/{rel}","templated":true}]}}