{"id":8495,"date":"2024-04-11T11:28:46","date_gmt":"2024-04-11T15:28:46","guid":{"rendered":"https:\/\/betodoisaum.com.br\/site\/?p=8495"},"modified":"2024-05-03T11:07:56","modified_gmt":"2024-05-03T15:07:56","slug":"camara-setorial-tematica-do-esporte-sera-instalada-na-quinta-feira-9","status":"publish","type":"post","link":"https:\/\/betodoisaum.com.br\/site\/camara-setorial-tematica-do-esporte-sera-instalada-na-quinta-feira-9\/","title":{"rendered":"C\u00e2mara Setorial Tem\u00e1tica do Esporte ser\u00e1 instalada na quinta-feira (9)"},"content":{"rendered":"\n<p>Idealizada pelo deputado Beto Dois a Um (Uni\u00e3o), ser\u00e1 instalada na quinta-feira (9\/5), a partir das 14h30 no plen\u00e1rio da ALMT, a C\u00e2mara Setorial Tem\u00e1tica do Esporte.<\/p>\n\n\n\n<p>Com presen\u00e7a confirmada de atletas, t\u00e9cnicos, representantes de federa\u00e7\u00f5es, conselho de Esporte e dos secret\u00e1rios Jefferson Neves e David Moura, ambos da Secretaria de Cultura, Esporte e Lazer de Mato Grosso, a inciativa tem o objetivo de diagnosticar, avaliar e discutir pol\u00edticas p\u00fablicas para o fortalecimento do setor do esporte em Mato Grosso.<\/p>\n\n\n\n<p>\u201c\u00c9 important\u00edssimo que haja um espa\u00e7o espec\u00edfico para discutir e promover pol\u00edticas p\u00fablicas permanentes para o setor do Esporte em Mato Grosso. Assim como a da Cultura, a CST do Esporte contribuir\u00e1 para fortalecer o processo democr\u00e1tico e a ampla participa\u00e7\u00e3o da popula\u00e7\u00e3o, permitindo que todos tenham voz ativa nas discuss\u00f5es e na constru\u00e7\u00e3o de pol\u00edticas p\u00fablicas mais assertivas, garantindo assim uma gest\u00e3o mais transparente e participativa\u201d, destaca Beto Dois a Um.<\/p>\n\n\n\n<p>Em pouco mais de um ano de mandato, essa \u00e9 a segunda CST proposta pelo parlamentar, que tamb\u00e9m foi respons\u00e1vel pela cria\u00e7\u00e3o da C\u00e2mara Setorial da Cultura, prestes a virar Frente Parlamentar.<\/p>\n\n\n\n<p>\u201cEstamos em andamento com a CST da Cultura, e j\u00e1 tivemos enormes avan\u00e7os, muitos di\u00e1logos e um planejamento para que se transforme numa Frente Parlamentar, para que assim tenhamos um debate permanente. Vamos dialogar com esses dois segmentos, a Cultura e o Esporte, que geram oportunidades, renda e que transformam vidas\u201d, adianta o parlamentar.<\/p>\n\n\n\n<p>A proposta da CST do Esporte compreende o per\u00edodo de 180 dias, prorrog\u00e1veis por igual per\u00edodo. Com experi\u00eancia no setor, ex-secret\u00e1rio de Esportes de Mato Grosso, Beto Dois a Um ainda destacou a import\u00e2ncia da iniciativa.<\/p>\n\n\n\n<p>\u201cVamos ampliar os debates e dialogar com toda a sociedade civil, com o Governo de Mato Grosso, federa\u00e7\u00f5es, atletas e agentes do esporte para trilhar novos rumos e garantir o futuro do esporte no estado\u201d, conclui Beto Dois a Um.<\/p>\n","protected":false},"excerpt":{"rendered":"<p>A inciativa tem o objetivo de diagnosticar, avaliar e discutir pol\u00edticas p\u00fablicas para o fortalecimento do setor do esporte em Mato Grosso<\/p>\n","protected":false},"author":2,"featured_media":8429,"comment_status":"open","ping_status":"open","sticky":false,"template":"","format":"standard","meta":{"_acf_changed":false,"footnotes":""},"categories":[27,89,12,11],"tags":[35,43,37],"municipio":[],"class_list":["post-8495","post","type-post","status-publish","format-standard","has-post-thumbnail","hentry","category-carrousel","category-cst-do-esporte","category-geral","category-noticias","tag-assembleia-legislativa","tag-esporte","tag-politica"],"acf":[],"_links":{"self":[{"href":"https:\/\/betodoisaum.com.br\/site\/wp-json\/wp\/v2\/posts\/8495","targetHints":{"allow":["GET"]}}],"collection":[{"href":"https:\/\/betodoisaum.com.br\/site\/wp-json\/wp\/v2\/posts"}],"about":[{"href":"https:\/\/betodoisaum.com.br\/site\/wp-json\/wp\/v2\/types\/post"}],"author":[{"embeddable":true,"href":"https:\/\/betodoisaum.com.br\/site\/wp-json\/wp\/v2\/users\/2"}],"replies":[{"embeddable":true,"href":"https:\/\/betodoisaum.com.br\/site\/wp-json\/wp\/v2\/comments?post=8495"}],"version-history":[{"count":0,"href":"https:\/\/betodoisaum.com.br\/site\/wp-json\/wp\/v2\/posts\/8495\/revisions"}],"wp:featuredmedia":[{"embeddable":true,"href":"https:\/\/betodoisaum.com.br\/site\/wp-json\/wp\/v2\/media\/8429"}],"wp:attachment":[{"href":"https:\/\/betodoisaum.com.br\/site\/wp-json\/wp\/v2\/media?parent=8495"}],"wp:term":[{"taxonomy":"category","embeddable":true,"href":"https:\/\/betodoisaum.com.br\/site\/wp-json\/wp\/v2\/categories?post=8495"},{"taxonomy":"post_tag","embeddable":true,"href":"https:\/\/betodoisaum.com.br\/site\/wp-json\/wp\/v2\/tags?post=8495"},{"taxonomy":"municipio","embeddable":true,"href":"https:\/\/betodoisaum.com.br\/site\/wp-json\/wp\/v2\/municipio?post=8495"}],"curies":[{"name":"wp","href":"https:\/\/api.w.org\/{rel}","templated":true}]}}