{"id":8510,"date":"2024-04-18T12:01:01","date_gmt":"2024-04-18T16:01:01","guid":{"rendered":"https:\/\/betodoisaum.com.br\/site\/?p=8510"},"modified":"2024-04-22T10:44:16","modified_gmt":"2024-04-22T14:44:16","slug":"com-articulacao-de-beto-pavimentacao-de-avenida-e-obras-em-barra-do-garcas-sao-confirmadas","status":"publish","type":"post","link":"https:\/\/betodoisaum.com.br\/site\/com-articulacao-de-beto-pavimentacao-de-avenida-e-obras-em-barra-do-garcas-sao-confirmadas\/","title":{"rendered":"Com articula\u00e7\u00e3o de Beto, pavimenta\u00e7\u00e3o de avenida e obras em Barra do Gar\u00e7as s\u00e3o confirmadas"},"content":{"rendered":"\n<p><\/p>\n\n\n\n<p>Uma boa not\u00edcia para o desenvolvimento urbano de Barra do Gar\u00e7as foi anunciada na \u00faltima quarta-feira (18). Em reuni\u00e3o articulada pelo deputado Beto Dois a Um (Uni\u00e3o), o prefeito de Barra do Gar\u00e7as, Dr Adilson levou ao secret\u00e1rio chefe da Casa Civil, Fabio Garcia, a demanda, que prontamente foi atendida. Fabio confirmou a realiza\u00e7\u00e3o da t\u00e3o aguardada pavimenta\u00e7\u00e3o da Avenida Amazonas e a constru\u00e7\u00e3o de cal\u00e7adas no munic\u00edpio, visando melhorar a mobilidade e seguran\u00e7a dos moradores.<\/p>\n\n\n\n<p>A comitiva de Barra do Gar\u00e7as contou ainda com o secret\u00e1rio municipal de Cultura, Alessandro Matos do Nascimento, o presidente do MDB Municipal, Benier Marcos Silva. <\/p>\n\n\n\n<p>O deputado Beto Dois a Um expressou sua satisfa\u00e7\u00e3o com a concretiza\u00e7\u00e3o desse projeto t\u00e3o significativo para a cidade. &#8220;\u00c9 um momento de grande alegria para Barra do Gar\u00e7as. Essa pavimenta\u00e7\u00e3o e constru\u00e7\u00e3o de cal\u00e7adas s\u00e3o demandas importantes da popula\u00e7\u00e3o, e finalmente estamos vendo esse sonho come\u00e7ar a se tornar realidade&#8221;, afirmou.<\/p>\n\n\n\n<p>Ao lado do deputado, o secret\u00e1rio-chefe da Casa Civil, Fabio Garcia, destacou o empenho do governador Mauro Mendes em atender \u00e0s necessidades do munic\u00edpio. &#8220;Estamos empenhados com o desenvolvimento de Barra do Gar\u00e7as e de todo o estado de Mato Grosso. Essa obra \u00e9 parte de um conjunto de investimentos que visam melhorar a qualidade de vida dos cidad\u00e3os\u201d, disse o secret\u00e1rio.<\/p>\n\n\n\n<p>O prefeito de Barra do Gar\u00e7as, Dr. Adilson, ressaltou a import\u00e2ncia da parceria da Prefeitura com o Governo do Estado para viabilizar projetos como esse. &#8220;\u00c9 fundamental a uni\u00e3o de esfor\u00e7os entre o governo estadual e municipal para realizarmos obras que impactam positivamente a vida das pessoas. O governador Mauro Mendes vem sendo um parceiro da popula\u00e7\u00e3o de Barra e temos aqui o deputado Beto e o secret\u00e1rio Fabio, que sempre nos atendem muito bem. Com a pavimenta\u00e7\u00e3o da Avenida Amazonas e a constru\u00e7\u00e3o de cal\u00e7adas, estamos promovendo mais seguran\u00e7a e acessibilidade para todos&#8221;.<\/p>\n\n\n\n<p>As obras, que fazem parte de um plano integrado de infraestrutura urbana, devem iniciar nos pr\u00f3ximos meses, proporcionando melhorias significativas na infraestrutura vi\u00e1ria e no conforto dos pedestres em Barra do Gar\u00e7as.<\/p>\n","protected":false},"excerpt":{"rendered":"<p>As obras, que fazem parte de um plano integrado de infraestrutura urbana, devem iniciar nos pr\u00f3ximos meses, proporcionando melhorias significativas na infraestrutura vi\u00e1ria e no conforto dos pedestres em Barra do Gar\u00e7as.<\/p>\n","protected":false},"author":9,"featured_media":8512,"comment_status":"open","ping_status":"open","sticky":false,"template":"","format":"standard","meta":{"_acf_changed":false,"footnotes":""},"categories":[27],"tags":[],"municipio":[],"class_list":["post-8510","post","type-post","status-publish","format-standard","has-post-thumbnail","hentry","category-carrousel"],"acf":[],"_links":{"self":[{"href":"https:\/\/betodoisaum.com.br\/site\/wp-json\/wp\/v2\/posts\/8510","targetHints":{"allow":["GET"]}}],"collection":[{"href":"https:\/\/betodoisaum.com.br\/site\/wp-json\/wp\/v2\/posts"}],"about":[{"href":"https:\/\/betodoisaum.com.br\/site\/wp-json\/wp\/v2\/types\/post"}],"author":[{"embeddable":true,"href":"https:\/\/betodoisaum.com.br\/site\/wp-json\/wp\/v2\/users\/9"}],"replies":[{"embeddable":true,"href":"https:\/\/betodoisaum.com.br\/site\/wp-json\/wp\/v2\/comments?post=8510"}],"version-history":[{"count":0,"href":"https:\/\/betodoisaum.com.br\/site\/wp-json\/wp\/v2\/posts\/8510\/revisions"}],"wp:featuredmedia":[{"embeddable":true,"href":"https:\/\/betodoisaum.com.br\/site\/wp-json\/wp\/v2\/media\/8512"}],"wp:attachment":[{"href":"https:\/\/betodoisaum.com.br\/site\/wp-json\/wp\/v2\/media?parent=8510"}],"wp:term":[{"taxonomy":"category","embeddable":true,"href":"https:\/\/betodoisaum.com.br\/site\/wp-json\/wp\/v2\/categories?post=8510"},{"taxonomy":"post_tag","embeddable":true,"href":"https:\/\/betodoisaum.com.br\/site\/wp-json\/wp\/v2\/tags?post=8510"},{"taxonomy":"municipio","embeddable":true,"href":"https:\/\/betodoisaum.com.br\/site\/wp-json\/wp\/v2\/municipio?post=8510"}],"curies":[{"name":"wp","href":"https:\/\/api.w.org\/{rel}","templated":true}]}}