{"id":8531,"date":"2024-04-24T17:52:23","date_gmt":"2024-04-24T21:52:23","guid":{"rendered":"https:\/\/betodoisaum.com.br\/site\/?p=8531"},"modified":"2024-04-24T17:56:04","modified_gmt":"2024-04-24T21:56:04","slug":"aprovada-ampliacao-da-regiao-metropolitana-do-vale-do-rio-cuiaba-com-inclusao-de-campo-verde","status":"publish","type":"post","link":"https:\/\/betodoisaum.com.br\/site\/aprovada-ampliacao-da-regiao-metropolitana-do-vale-do-rio-cuiaba-com-inclusao-de-campo-verde\/","title":{"rendered":"Aprovada amplia\u00e7\u00e3o da Regi\u00e3o Metropolitana do Vale do Rio Cuiab\u00e1 com inclus\u00e3o de Campo Verde"},"content":{"rendered":"\n<p>A Assembleia Legislativa de Mato Grosso (ALMT) aprovou por unanimidade o projeto de lei de autoria do deputado estadual Beto Dois a Um (Uni\u00e3o), que inclui o munic\u00edpio de Campo Verde na Regi\u00e3o Metropolitana do Vale do Rio Cuiab\u00e1 (RMVRC). A medida visa promover maior integra\u00e7\u00e3o e desenvolvimento regional, considerando as caracter\u00edsticas geogr\u00e1ficas, socioecon\u00f4micas e demogr\u00e1ficas da regi\u00e3o. O projeto esteve na pauta da sess\u00e3o desta quarta-feira (24).<\/p>\n\n\n\n<p>De acordo com o texto aprovado, a Regi\u00e3o Metropolitana ser\u00e1 composta pelos munic\u00edpios de Cuiab\u00e1, V\u00e1rzea Grande, Nossa Senhora do Livramento, Santo Ant\u00f4nio de Leverger, Acorizal, Chapada dos Guimar\u00e3es e agora, Campo Verde. Esta inclus\u00e3o surge em resposta ao expressivo crescimento populacional e urbano que Campo Verde tem experimentado nos \u00faltimos anos, aliado \u00e0 sua forte interdepend\u00eancia econ\u00f4mica com os demais munic\u00edpios da regi\u00e3o.<\/p>\n\n\n\n<p>O deputado Beto Dois a Um, autor do projeto, explicou que \u201ccom a inclus\u00e3o de Campo Verde, fortalecemos os la\u00e7os entre os munic\u00edpios da regi\u00e3o, promovendo uma maior articula\u00e7\u00e3o econ\u00f4mica e social, e garantindo melhores condi\u00e7\u00f5es de vida para nossa popula\u00e7\u00e3o.  Importante destacar que o crescimento do munic\u00edpio est\u00e1 aliado \u00e0 boa gest\u00e3o do prefeito Alexandre e seu alinhamento com o governador Mauro Mendes e o secret\u00e1rio da Casa Civil, Fabio Garcia.&#8221;<\/p>\n\n\n\n<p>O prefeito de Campo Verde, Alexandre Lopes, comemorou a mudan\u00e7a. &#8220;Esta \u00e9 uma conquista significativa para nosso munic\u00edpio. A integra\u00e7\u00e3o \u00e0 Regi\u00e3o Metropolitana do Vale do Rio Cuiab\u00e1 abrir\u00e1 novas oportunidades de desenvolvimento e colabora\u00e7\u00e3o entre os munic\u00edpios, beneficiando toda a popula\u00e7\u00e3o.&#8221;<\/p>\n\n\n\n<p>A inclus\u00e3o de Campo Verde na Regi\u00e3o Metropolitana trar\u00e1 diversos benef\u00edcios, incluindo melhor coordena\u00e7\u00e3o das pol\u00edticas de ordenamento territorial, infraestrutura e servi\u00e7os p\u00fablicos, al\u00e9m de fortalecer a economia local e regional. A medida tamb\u00e9m facilitar\u00e1 a articula\u00e7\u00e3o das pol\u00edticas p\u00fablicas nas \u00e1reas de educa\u00e7\u00e3o, sa\u00fade, seguran\u00e7a, cultura e assist\u00eancia social, proporcionando uma melhor qualidade de vida para os habitantes da regi\u00e3o metropolitana.<\/p>\n","protected":false},"excerpt":{"rendered":"<p>Autor da proposta, deputado Beto Dois a Um destacou que inclus\u00e3o surge em resposta ao expressivo crescimento de Campo Verde<\/p>\n","protected":false},"author":9,"featured_media":8532,"comment_status":"open","ping_status":"open","sticky":false,"template":"","format":"standard","meta":{"_acf_changed":false,"footnotes":""},"categories":[27],"tags":[],"municipio":[],"class_list":["post-8531","post","type-post","status-publish","format-standard","has-post-thumbnail","hentry","category-carrousel"],"acf":[],"_links":{"self":[{"href":"https:\/\/betodoisaum.com.br\/site\/wp-json\/wp\/v2\/posts\/8531","targetHints":{"allow":["GET"]}}],"collection":[{"href":"https:\/\/betodoisaum.com.br\/site\/wp-json\/wp\/v2\/posts"}],"about":[{"href":"https:\/\/betodoisaum.com.br\/site\/wp-json\/wp\/v2\/types\/post"}],"author":[{"embeddable":true,"href":"https:\/\/betodoisaum.com.br\/site\/wp-json\/wp\/v2\/users\/9"}],"replies":[{"embeddable":true,"href":"https:\/\/betodoisaum.com.br\/site\/wp-json\/wp\/v2\/comments?post=8531"}],"version-history":[{"count":0,"href":"https:\/\/betodoisaum.com.br\/site\/wp-json\/wp\/v2\/posts\/8531\/revisions"}],"wp:featuredmedia":[{"embeddable":true,"href":"https:\/\/betodoisaum.com.br\/site\/wp-json\/wp\/v2\/media\/8532"}],"wp:attachment":[{"href":"https:\/\/betodoisaum.com.br\/site\/wp-json\/wp\/v2\/media?parent=8531"}],"wp:term":[{"taxonomy":"category","embeddable":true,"href":"https:\/\/betodoisaum.com.br\/site\/wp-json\/wp\/v2\/categories?post=8531"},{"taxonomy":"post_tag","embeddable":true,"href":"https:\/\/betodoisaum.com.br\/site\/wp-json\/wp\/v2\/tags?post=8531"},{"taxonomy":"municipio","embeddable":true,"href":"https:\/\/betodoisaum.com.br\/site\/wp-json\/wp\/v2\/municipio?post=8531"}],"curies":[{"name":"wp","href":"https:\/\/api.w.org\/{rel}","templated":true}]}}