{"id":8535,"date":"2024-04-25T16:33:59","date_gmt":"2024-04-25T20:33:59","guid":{"rendered":"https:\/\/betodoisaum.com.br\/site\/?p=8535"},"modified":"2024-04-25T16:36:17","modified_gmt":"2024-04-25T20:36:17","slug":"espetaculos-e-entrega-de-mocao-de-aplausos-fecham-a-programacao-da-16a-mostra-de-danca-de-mato-grosso","status":"publish","type":"post","link":"https:\/\/betodoisaum.com.br\/site\/espetaculos-e-entrega-de-mocao-de-aplausos-fecham-a-programacao-da-16a-mostra-de-danca-de-mato-grosso\/","title":{"rendered":"Espet\u00e1culos e entrega de mo\u00e7\u00e3o de aplausos fecham a programa\u00e7\u00e3o da 16\u00aa Mostra de Dan\u00e7a de Mato Grosso"},"content":{"rendered":"\n<p>No compasso da celebra\u00e7\u00e3o do Dia Estadual da Dan\u00e7a, a Mostra de Dan\u00e7a de Mato Grosso encerrar\u00e1 ciclo de atividades com dois espet\u00e1culos e evento em parceria com a ALMT. \u00c0 ocasi\u00e3o, o deputado Beto Dois a Um entrega mais de 70 mo\u00e7\u00f5es de aplauso a personalidades que fazem a diferen\u00e7a nesse segmento art\u00edstico.<\/p>\n\n\n\n<p>O diretor da Companhia das Artes e Associados (Cidarta), Kelson Panosso, realizadora da mostra, destaca que a programa\u00e7\u00e3o conferiu ainda mais reconhecimento ao evento que \u00e9 dos mais importantes do calend\u00e1rio mato-grossense. \u201cTivemos espet\u00e1culos diversificados, convidados especiais e inova\u00e7\u00f5es, como a mostra e oficina de cria\u00e7\u00e3o de videodan\u00e7a\u201d.<\/p>\n\n\n\n<p>Para encerrar a programa\u00e7\u00e3o da s\u00e9rie de a\u00e7\u00f5es iniciadas em 2023, a mostra brinda o p\u00fablico com os espet\u00e1culos \u201cBodas de Cinderela\u201d e \u201cDivertissement\u201d, nos dias 27 e 28 de abril, respectivamente, ambos \u00e0s 19h no Cine Teatro Cuiab\u00e1. Ser\u00e1 cobrado ingresso social, equivalente a 2k de alimentos n\u00e3o-perec\u00edveis.<\/p>\n\n\n\n<p>Kelson convoca a plateia cuiabana para conferir os dois dias. O \u201cBodas de Cinderela \u00e9 um espet\u00e1culo infantil voltado a toda fam\u00edlia. No elenco, tamb\u00e9m temos crian\u00e7as, especialmente, de alunos que participaram de oficinas como bolsistas. O espet\u00e1culo leve e divertido, encanta sobretudo o p\u00fablico infantil porque exibe um mundo de fantasia, com personagens como Cinderela, Branca de Neve, Rapunzel, Ariel e a Bela\u201d.<\/p>\n\n\n\n<p>J\u00e1 o \u201cDivertissement\u201d \u00e9 um espet\u00e1culo que exibe a diversidade de modalidades da dan\u00e7a, como o bal\u00e9 cl\u00e1ssico, jazz, dan\u00e7a de rua, do ventre, contempor\u00e2nea e dan\u00e7as populares. Ent\u00e3o, s\u00e3o diversos os convidados, tamb\u00e9m. Al\u00e9m dos bailarinos Lyana Vasconcelos e Alyson Trindade, ambos do Teatro Municipal do Rio de Janeiro, s\u00e3o convidados bailarinos e grupos com atua\u00e7\u00e3o em Mato Grosso, caso de Emilly Brito, de Poxor\u00e9u e dos alunos da Escola Municipal de Dan\u00e7a de Primavera do Leste. De Cuiab\u00e1, se apresentam ainda os artistas da Cia de Arte e Dan\u00e7a Yasmine Amar; Cia de Jazz Gisele Moreno; D`Santos Cia de Dan\u00e7a; Grupo de Dan\u00e7a Lambadeiros de Elite; Instituto Digoreste; Cia de Dan\u00e7a Rodinei Barbosa; Cia Zoukbrasa; Agaphis Escola de Dan\u00e7a; Escola Dance Cuiab\u00e1; Dreams Ballet; Legato Studio de Dan\u00e7a e Escola do Grupo Caroline.<\/p>\n\n\n\n<p>\u201cComo todas as iniciativas da mostra, ser\u00e3o dois dias de apresenta\u00e7\u00f5es art\u00edsticas, mas ser\u00e3o marcados tamb\u00e9m, por interc\u00e2mbio de conhecimento e troca de viv\u00eancias entre os participantes\u201d, destaca o diretor da Cidarta.<\/p>\n\n\n\n<p>A Mostra de Dan\u00e7a de Mato Grosso \u00e9 um projeto viabilizado pelo Governo de Mato Grosso, via Secretaria de Estado de Cultura, Esporte e Lazer (Secel-MT) e a Assembleia Legislativa de Mato Grosso. Tem apoio do Goiabeiras Shopping, Cine Teatro Cuiab\u00e1, Associa\u00e7\u00e3o de Dan\u00e7a de Sal\u00e3o Cuiabana (Adasc), Assembleia Social e Secretaria de Munic\u00edpio de Cultura, Esporte e Lazer, da Prefeitura de Cuiab\u00e1.<\/p>\n\n\n\n<p><strong>Mo\u00e7\u00e3o de aplausos<\/strong><\/p>\n\n\n\n<p>Arrematando a programa\u00e7\u00e3o, no dia 29 de abril, na Assembleia Legislativa ocorre a entrega de Mo\u00e7\u00e3o de Aplausos. \u201cO deputado Beto Dois a Um abra\u00e7ou a iniciativa, porque entende a import\u00e2ncia da pot\u00eancia da arte e do profissional da dan\u00e7a, no contexto da educa\u00e7\u00e3o e cultura no estado\u201d.<\/p>\n\n\n\n<p>O deputado estadual declara que esse \u00e9 um momento muito especial. \u201cTemos que valorizar e reconhecer a contribui\u00e7\u00e3o das pessoas que em Mato Grosso se dedicam ao ensino e pr\u00e1tica da dan\u00e7a. De pessoas que dedicam suas vidas, divulgando a cultura, ensinando, criando e produzindo espet\u00e1culos, formando plateias e o que \u00e9 mais importante: com seu trabalho mostram que a cultura \u00e9 um instrumento de forma\u00e7\u00e3o, fonte de renda e potente aliada do poder p\u00fablico na promo\u00e7\u00e3o da cidadania\u201d, destaca Beto. Ele conceder\u00e1 a honraria a mais de 70 pessoas de todas as regi\u00f5es do Estado.<\/p>\n\n\n\n<p>Na perspectiva do artista e produtor cultural, Kelson acredita que a lei estadual e a iniciativa da premia\u00e7\u00e3o pelo deputado, aproxima a dan\u00e7a do poder p\u00fablico. \u201cUma visibilidade que n\u00e3o t\u00ednhamos. A aproxima\u00e7\u00e3o viabiliza um olhar atento ao segmento, o que pode resultar na multiplica\u00e7\u00e3o de projetos e de recursos para que continuemos a desenvolver nossas atividades\u201d.<\/p>\n\n\n\n<p>Um sonho antigo de Kelson, compartilhado com Maria Herc\u00edlia Panosso, outra diretora da Cidarta, \u00e9 a Escola P\u00fablica de Dan\u00e7a de Mato Grosso. \u201cN\u00e3o vamos desistir, temos f\u00e9 que um dia o projeto vai se concretizar\u201d.<\/p>\n\n\n\n<p><strong>Nova edi\u00e7\u00e3o<\/strong><\/p>\n\n\n\n<p>Durante os dias de espet\u00e1culo, ser\u00e1 feito o an\u00fancio da 17\u00aa Mostra de Dan\u00e7a de Mato Grosso. \u201cAs a\u00e7\u00f5es iniciam em maio e nesta edi\u00e7\u00e3o incluiremos tamb\u00e9m \u00e0s apresenta\u00e7\u00f5es e atividades de forma\u00e7\u00e3o e interc\u00e2mbio, confer\u00eancias e semin\u00e1rios sobre empreendedorismo na dan\u00e7a, al\u00e9m de qualifica\u00e7\u00e3o de profissionais e professores. A mostra de videodan\u00e7a ter\u00e1 continuidade, assim como a parceria com o movimento hip hop, com festival ocorrendo em espa\u00e7o p\u00fablico\u201d, adianta Kelson.<\/p>\n\n\n\n<p><strong>Servi\u00e7o<\/strong><\/p>\n\n\n\n<p>Espet\u00e1culo Bodas de Cinderela<\/p>\n\n\n\n<p>27 de abril, \u00e0s 19h<\/p>\n\n\n\n<p>Cine Teatro<\/p>\n\n\n\n<p>Espet\u00e1culo Divertissement<\/p>\n\n\n\n<p>28 de abril, \u00e0s 19h<\/p>\n\n\n\n<p>Cine Teatro<\/p>\n\n\n\n<p>Entrada: 2 kg de alimentos n\u00e3o-perec\u00edveis<\/p>\n\n\n\n<p>Dia da Dan\u00e7a \u2013 29 de abril<\/p>\n\n\n\n<p>Entrega de Mo\u00e7\u00e3o de Aplausos na ALMT, \u00e0s 19h<\/p>\n\n\n\n<p>Mais informa\u00e7\u00f5es: @cidartaoficial no Instagram | 65 99943-7748<\/p>\n","protected":false},"excerpt":{"rendered":"<p>No dia 29 de abril, na Assembleia Legislativa ocorre a entrega de Mo\u00e7\u00e3o de Aplausos para mais de 70 artistas<\/p>\n","protected":false},"author":2,"featured_media":8536,"comment_status":"open","ping_status":"open","sticky":false,"template":"","format":"standard","meta":{"_acf_changed":false,"footnotes":""},"categories":[27,21,12,11],"tags":[35,46,50],"municipio":[],"class_list":["post-8535","post","type-post","status-publish","format-standard","has-post-thumbnail","hentry","category-carrousel","category-cultura","category-geral","category-noticias","tag-assembleia-legislativa","tag-cultura","tag-mandato"],"acf":[],"_links":{"self":[{"href":"https:\/\/betodoisaum.com.br\/site\/wp-json\/wp\/v2\/posts\/8535","targetHints":{"allow":["GET"]}}],"collection":[{"href":"https:\/\/betodoisaum.com.br\/site\/wp-json\/wp\/v2\/posts"}],"about":[{"href":"https:\/\/betodoisaum.com.br\/site\/wp-json\/wp\/v2\/types\/post"}],"author":[{"embeddable":true,"href":"https:\/\/betodoisaum.com.br\/site\/wp-json\/wp\/v2\/users\/2"}],"replies":[{"embeddable":true,"href":"https:\/\/betodoisaum.com.br\/site\/wp-json\/wp\/v2\/comments?post=8535"}],"version-history":[{"count":0,"href":"https:\/\/betodoisaum.com.br\/site\/wp-json\/wp\/v2\/posts\/8535\/revisions"}],"wp:featuredmedia":[{"embeddable":true,"href":"https:\/\/betodoisaum.com.br\/site\/wp-json\/wp\/v2\/media\/8536"}],"wp:attachment":[{"href":"https:\/\/betodoisaum.com.br\/site\/wp-json\/wp\/v2\/media?parent=8535"}],"wp:term":[{"taxonomy":"category","embeddable":true,"href":"https:\/\/betodoisaum.com.br\/site\/wp-json\/wp\/v2\/categories?post=8535"},{"taxonomy":"post_tag","embeddable":true,"href":"https:\/\/betodoisaum.com.br\/site\/wp-json\/wp\/v2\/tags?post=8535"},{"taxonomy":"municipio","embeddable":true,"href":"https:\/\/betodoisaum.com.br\/site\/wp-json\/wp\/v2\/municipio?post=8535"}],"curies":[{"name":"wp","href":"https:\/\/api.w.org\/{rel}","templated":true}]}}