{"id":8565,"date":"2024-04-29T09:29:02","date_gmt":"2024-04-29T13:29:02","guid":{"rendered":"https:\/\/betodoisaum.com.br\/site\/?p=8565"},"modified":"2024-04-29T09:44:27","modified_gmt":"2024-04-29T13:44:27","slug":"beto-dois-a-um-concede-mocao-de-aplauso-a-profissionais-da-danca-nesta-segunda-feira-29","status":"publish","type":"post","link":"https:\/\/betodoisaum.com.br\/site\/beto-dois-a-um-concede-mocao-de-aplauso-a-profissionais-da-danca-nesta-segunda-feira-29\/","title":{"rendered":"Beto Dois a Um concede Mo\u00e7\u00e3o de Aplausos a profissionais da dan\u00e7a nesta segunda-feira (29)"},"content":{"rendered":"\n<p>Arrematando a programa\u00e7\u00e3o da 16\u00aa Mostra de Dan\u00e7a de Mato Grosso, nesta segunda-feira (29.04), o deputado Beto Dois a Um (UB) concede Mo\u00e7\u00e3o de Aplausos a 78 profissionais da dan\u00e7a de todas as regi\u00f5es do Estado. A cerim\u00f4nia ocorrer\u00e1 a partir das 19h, no Plen\u00e1rio das Delibera\u00e7\u00f5es Deputado Rene Barbour, da Assembleia Legislativa.<\/p>\n\n\n\n<p>\u201cO deputado Beto Dois a Um abra\u00e7ou a iniciativa porque entende a import\u00e2ncia da pot\u00eancia da arte e do profissional da dan\u00e7a, no contexto da educa\u00e7\u00e3o e cultura no estado\u201d, destaca Kelson Panosso, diretor da Companhia das Artes e Associados (Cidarta).<\/p>\n\n\n\n<p>O deputado estadual declara que esse \u00e9 um momento muito especial. \u201cTemos que valorizar e reconhecer a contribui\u00e7\u00e3o das pessoas que em Mato Grosso, se dedicam ao ensino e pr\u00e1tica da dan\u00e7a. De pessoas que dedicam suas vidas, divulgando a cultura, ensinando, criando e produzindo espet\u00e1culos, formando plateias e o que \u00e9 mais importante: com seu trabalho mostram que a cultura \u00e9 um instrumento de forma\u00e7\u00e3o, fonte de renda e potente aliada do poder p\u00fablico na promo\u00e7\u00e3o da cidadania\u201d, destaca Beto.  <\/p>\n\n\n\n<p>Na perspectiva do artista e produtor cultural, Kelson acredita que a lei estadual e a iniciativa da premia\u00e7\u00e3o pelo deputado, aproxima a dan\u00e7a do poder p\u00fablico. \u201cUma visibilidade que n\u00e3o t\u00ednhamos. A aproxima\u00e7\u00e3o viabiliza um olhar atento ao segmento, o que pode resultar na multiplica\u00e7\u00e3o de projetos e de recursos para que continuemos a desenvolver nossas atividades\u201d.<\/p>\n\n\n\n<p>Um sonho antigo de Kelson, compartilhado com Maria Herc\u00edlia Panosso, outra diretora da Cidarta, \u00e9 a Escola P\u00fablica de Dan\u00e7a de Mato Grosso. \u201cN\u00e3o vamos desistir, temos f\u00e9 que um dia o projeto vai se concretizar\u201d.<\/p>\n","protected":false},"excerpt":{"rendered":"<p>A honraria ser\u00e1 concedida a 78 profissionais da dan\u00e7a de todas as regi\u00f5es do Estado. A cerim\u00f4nia ocorrer\u00e1 a partir das 19h, na ALMT<\/p>\n","protected":false},"author":2,"featured_media":8566,"comment_status":"open","ping_status":"open","sticky":false,"template":"","format":"standard","meta":{"_acf_changed":false,"footnotes":""},"categories":[27,21,12,11],"tags":[35,46,37],"municipio":[],"class_list":["post-8565","post","type-post","status-publish","format-standard","has-post-thumbnail","hentry","category-carrousel","category-cultura","category-geral","category-noticias","tag-assembleia-legislativa","tag-cultura","tag-politica"],"acf":[],"_links":{"self":[{"href":"https:\/\/betodoisaum.com.br\/site\/wp-json\/wp\/v2\/posts\/8565","targetHints":{"allow":["GET"]}}],"collection":[{"href":"https:\/\/betodoisaum.com.br\/site\/wp-json\/wp\/v2\/posts"}],"about":[{"href":"https:\/\/betodoisaum.com.br\/site\/wp-json\/wp\/v2\/types\/post"}],"author":[{"embeddable":true,"href":"https:\/\/betodoisaum.com.br\/site\/wp-json\/wp\/v2\/users\/2"}],"replies":[{"embeddable":true,"href":"https:\/\/betodoisaum.com.br\/site\/wp-json\/wp\/v2\/comments?post=8565"}],"version-history":[{"count":0,"href":"https:\/\/betodoisaum.com.br\/site\/wp-json\/wp\/v2\/posts\/8565\/revisions"}],"wp:featuredmedia":[{"embeddable":true,"href":"https:\/\/betodoisaum.com.br\/site\/wp-json\/wp\/v2\/media\/8566"}],"wp:attachment":[{"href":"https:\/\/betodoisaum.com.br\/site\/wp-json\/wp\/v2\/media?parent=8565"}],"wp:term":[{"taxonomy":"category","embeddable":true,"href":"https:\/\/betodoisaum.com.br\/site\/wp-json\/wp\/v2\/categories?post=8565"},{"taxonomy":"post_tag","embeddable":true,"href":"https:\/\/betodoisaum.com.br\/site\/wp-json\/wp\/v2\/tags?post=8565"},{"taxonomy":"municipio","embeddable":true,"href":"https:\/\/betodoisaum.com.br\/site\/wp-json\/wp\/v2\/municipio?post=8565"}],"curies":[{"name":"wp","href":"https:\/\/api.w.org\/{rel}","templated":true}]}}