{"id":8929,"date":"2024-05-09T17:58:07","date_gmt":"2024-05-09T21:58:07","guid":{"rendered":"https:\/\/betodoisaum.com.br\/site\/?p=8929"},"modified":"2024-05-09T18:00:04","modified_gmt":"2024-05-09T22:00:04","slug":"inedita-cst-do-esporte-e-instalada-na-almt-com-casa-cheia","status":"publish","type":"post","link":"https:\/\/betodoisaum.com.br\/site\/inedita-cst-do-esporte-e-instalada-na-almt-com-casa-cheia\/","title":{"rendered":"In\u00e9dita, CST do Esporte \u00e9 instalada na ALMT com casa cheia"},"content":{"rendered":"\n<p>Com o Plen\u00e1rio de Delibera\u00e7\u00f5es Ren\u00ea Barbour tomado por atletas, paratletas, t\u00e9cnicos, agentes do esporte e representantes de federa\u00e7\u00f5es esportivas, a C\u00e2mara Setorial Tem\u00e1tica do Esporte, at\u00e9 ent\u00e3o in\u00e9dita na Assembleia Legislativa de Mato Grosso, foi oficialmente instalada na tarde desta quinta-feira (09).<\/p>\n\n\n\n<p>Ciceroneado pelo deputado Beto Dois a Um (UB), representantes do esporte de v\u00e1rias regi\u00f5es do estado participaram da cerim\u00f4nia. A inciativa tem o objetivo de diagnosticar, avaliar e discutir pol\u00edticas p\u00fablicas para o fortalecimento do setor do esporte em Mato Grosso.<\/p>\n\n\n\n<p>\u201cCom certeza, o que o deputado Beto Dois a Um est\u00e1 iniciando aqui hoje entrar\u00e1 para hist\u00f3ria do esporte nacional. N\u00f3s atletas s\u00f3 temos a agradecer\u201d, destaca Maurren Maggi, primeira mulher brasileira a ter conquistado uma medalha de ouro ol\u00edmpica em provas individuais. Na ocasi\u00e3o, a medalhista do atletismo foi homenageada pelo parlamentar com uma Mo\u00e7\u00e3o de Aplausos. &nbsp;<\/p>\n\n\n\n<p>Logo na abertura da cerim\u00f4nia, o deputado Beto Dois a Um destacou a boa fase vivida pelo esporte em Mato Grosso e, com uma met\u00e1fora bem-ajambrada, disse que este \u00e9 o memento de superar os limites, como fazem os atletas.<\/p>\n\n\n\n<p>\u201cVivemos hoje um momento muito melhor no esporte do que no passado. Aqui come\u00e7a uma nova fase, de buscar novos objetivos, novos \u00edndices. Essa CST \u00e9 a quebra do nosso pr\u00f3prio recorde e nos incentiva a buscar um pouco mais para que tenhamos o esporte cada vez mais protagonista. Assim como a da Cultura, a CST do Esporte contribuir\u00e1 para fortalecer o processo democr\u00e1tico e a ampla participa\u00e7\u00e3o da popula\u00e7\u00e3o, permitindo que todos tenham voz ativa nas discuss\u00f5es e na constru\u00e7\u00e3o de pol\u00edticas p\u00fablicas mais assertivas, garantindo assim uma gest\u00e3o mais transparente e participativa\u201d, disse Beto.<\/p>\n\n\n\n<p>O secret\u00e1rio de Cultura, Esporte e Lazer, Jefferson Neves, destacou a boa oportunidade para a classe com a instala\u00e7\u00e3o da CST do Esporte.<\/p>\n\n\n\n<p>\u201cQue nessa C\u00e2mara Setorial n\u00f3s sejamos o mais produtivo poss\u00edvel, n\u00e3o podemos perder a oportunidade de avan\u00e7as, n\u00e3o ser\u00e1 sempre que teremos essa conjun\u00e7\u00e3o de for\u00e7as. Mato Grosso ficou muito tempo para tr\u00e1s e hoje precisamos avan\u00e7ar a cada chance que tivermos\u201d, concluiu o secret\u00e1rio da Secel-MT.<\/p>\n","protected":false},"excerpt":{"rendered":"<p>A inciativa tem o objetivo de diagnosticar, avaliar e discutir pol\u00edticas p\u00fablicas para o fortalecimento do setor do esporte em Mato Grosso<\/p>\n","protected":false},"author":2,"featured_media":8930,"comment_status":"open","ping_status":"open","sticky":false,"template":"","format":"standard","meta":{"_acf_changed":false,"footnotes":""},"categories":[27,89,15,11,73],"tags":[43],"municipio":[],"class_list":["post-8929","post","type-post","status-publish","format-standard","has-post-thumbnail","hentry","category-carrousel","category-cst-do-esporte","category-esporte","category-noticias","category-social","tag-esporte"],"acf":[],"_links":{"self":[{"href":"https:\/\/betodoisaum.com.br\/site\/wp-json\/wp\/v2\/posts\/8929","targetHints":{"allow":["GET"]}}],"collection":[{"href":"https:\/\/betodoisaum.com.br\/site\/wp-json\/wp\/v2\/posts"}],"about":[{"href":"https:\/\/betodoisaum.com.br\/site\/wp-json\/wp\/v2\/types\/post"}],"author":[{"embeddable":true,"href":"https:\/\/betodoisaum.com.br\/site\/wp-json\/wp\/v2\/users\/2"}],"replies":[{"embeddable":true,"href":"https:\/\/betodoisaum.com.br\/site\/wp-json\/wp\/v2\/comments?post=8929"}],"version-history":[{"count":0,"href":"https:\/\/betodoisaum.com.br\/site\/wp-json\/wp\/v2\/posts\/8929\/revisions"}],"wp:featuredmedia":[{"embeddable":true,"href":"https:\/\/betodoisaum.com.br\/site\/wp-json\/wp\/v2\/media\/8930"}],"wp:attachment":[{"href":"https:\/\/betodoisaum.com.br\/site\/wp-json\/wp\/v2\/media?parent=8929"}],"wp:term":[{"taxonomy":"category","embeddable":true,"href":"https:\/\/betodoisaum.com.br\/site\/wp-json\/wp\/v2\/categories?post=8929"},{"taxonomy":"post_tag","embeddable":true,"href":"https:\/\/betodoisaum.com.br\/site\/wp-json\/wp\/v2\/tags?post=8929"},{"taxonomy":"municipio","embeddable":true,"href":"https:\/\/betodoisaum.com.br\/site\/wp-json\/wp\/v2\/municipio?post=8929"}],"curies":[{"name":"wp","href":"https:\/\/api.w.org\/{rel}","templated":true}]}}