{"id":9148,"date":"2024-05-10T11:19:52","date_gmt":"2024-05-10T15:19:52","guid":{"rendered":"https:\/\/betodoisaum.com.br\/site\/?p=9148"},"modified":"2024-05-10T12:18:47","modified_gmt":"2024-05-10T16:18:47","slug":"novo-encontro-da-camara-setorial-tematica-da-cultura-apresentara-novo-projeto-de-lei","status":"publish","type":"post","link":"https:\/\/betodoisaum.com.br\/site\/novo-encontro-da-camara-setorial-tematica-da-cultura-apresentara-novo-projeto-de-lei\/","title":{"rendered":"Pr\u00f3ximo encontro da C\u00e2mara Setorial Tem\u00e1tica da Cultura apresentar\u00e1 projeto de lei"},"content":{"rendered":"\n<p>O novo encontro da C\u00e2mara Setorial Tem\u00e1tica (CST) da Cultura ocorre nesta segunda-feira (13.05), a partir das 10h na Sala das Comiss\u00f5es 202 da Assembleia Legislativa do Estado de Mato Grosso.<\/p>\n\n\n\n<p>O novo encontro ocorrer\u00e1 tanto presencial quanto virtualmente, com transmiss\u00e3o ao vivo pela TV Assembleia e com participa\u00e7\u00f5es online via plataforma Zoom da ALMT.<\/p>\n\n\n\n<p>Na pauta, a apresenta\u00e7\u00e3o do projeto de lei elaborado a partir das demandas propostas pela classe no decorrer das reuni\u00f5es da CST.<\/p>\n\n\n\n<p>\u201cDurante meses a CST da Cultura discutiu sobre as necessidades de cada segmento da cultura e agora chegou a hora de organizar as demandas em forma de projeto de lei. O documento ainda vai passar pela an\u00e1lise dos grupos de trabalho e depois segue para aprova\u00e7\u00e3o do plen\u00e1rio\u201d, explica o deputado Beto Dois a Um, proponente da CST da Cultura.<\/p>\n\n\n\n<p>A CST da Cultura est\u00e1 organizada em reuni\u00f5es mensais que ocorrem sempre na ALMT. Todos os encontros est\u00e3o sendo transmitidos ao vivo pela TV ALMT, canais: 30.1 e 30.2 (Aberto HD Digital), 3.2 (Rede Legislativa) e 10 (NET TV), canal do Youtube e demais redes sociais da Assembleia Legislativa de Mato Grosso.<\/p>\n","protected":false},"excerpt":{"rendered":"<p>A pr\u00f3xima reuni\u00e3o est\u00e1 marcada para segunda-feira (13.05), a partir das 10h na sala 202 da ALMT <\/p>\n","protected":false},"author":2,"featured_media":3143,"comment_status":"open","ping_status":"open","sticky":false,"template":"","format":"standard","meta":{"_acf_changed":false,"footnotes":""},"categories":[27,67,21],"tags":[35,46,37,49],"municipio":[],"class_list":["post-9148","post","type-post","status-publish","format-standard","has-post-thumbnail","hentry","category-carrousel","category-cst-cultura","category-cultura","tag-assembleia-legislativa","tag-cultura","tag-politica","tag-projeto-de-lei"],"acf":[],"_links":{"self":[{"href":"https:\/\/betodoisaum.com.br\/site\/wp-json\/wp\/v2\/posts\/9148","targetHints":{"allow":["GET"]}}],"collection":[{"href":"https:\/\/betodoisaum.com.br\/site\/wp-json\/wp\/v2\/posts"}],"about":[{"href":"https:\/\/betodoisaum.com.br\/site\/wp-json\/wp\/v2\/types\/post"}],"author":[{"embeddable":true,"href":"https:\/\/betodoisaum.com.br\/site\/wp-json\/wp\/v2\/users\/2"}],"replies":[{"embeddable":true,"href":"https:\/\/betodoisaum.com.br\/site\/wp-json\/wp\/v2\/comments?post=9148"}],"version-history":[{"count":0,"href":"https:\/\/betodoisaum.com.br\/site\/wp-json\/wp\/v2\/posts\/9148\/revisions"}],"wp:featuredmedia":[{"embeddable":true,"href":"https:\/\/betodoisaum.com.br\/site\/wp-json\/wp\/v2\/media\/3143"}],"wp:attachment":[{"href":"https:\/\/betodoisaum.com.br\/site\/wp-json\/wp\/v2\/media?parent=9148"}],"wp:term":[{"taxonomy":"category","embeddable":true,"href":"https:\/\/betodoisaum.com.br\/site\/wp-json\/wp\/v2\/categories?post=9148"},{"taxonomy":"post_tag","embeddable":true,"href":"https:\/\/betodoisaum.com.br\/site\/wp-json\/wp\/v2\/tags?post=9148"},{"taxonomy":"municipio","embeddable":true,"href":"https:\/\/betodoisaum.com.br\/site\/wp-json\/wp\/v2\/municipio?post=9148"}],"curies":[{"name":"wp","href":"https:\/\/api.w.org\/{rel}","templated":true}]}}