{"id":9183,"date":"2024-05-21T09:26:09","date_gmt":"2024-05-21T13:26:09","guid":{"rendered":"https:\/\/betodoisaum.com.br\/site\/?p=9183"},"modified":"2024-05-21T09:45:41","modified_gmt":"2024-05-21T13:45:41","slug":"encontro-da-cst-da-cultura-define-grupos-para-formatar-minuta-final-da-nova-lei","status":"publish","type":"post","link":"https:\/\/betodoisaum.com.br\/site\/encontro-da-cst-da-cultura-define-grupos-para-formatar-minuta-final-da-nova-lei\/","title":{"rendered":"Encontro da CST da Cultura define grupos para formatar minuta final da nova lei"},"content":{"rendered":"\n<p>Na Assembleia Legislativa, membros que comp\u00f5em a C\u00e2mara Setorial Tem\u00e1tica da Cultura se reuniram mais uma vez na manh\u00e3 desta segunda-feira (20). No encontro, dois novos grupos de trabalho foram definidos para formatar o texto da minuta da nova lei org\u00e2nica da cultura em Mato Grosso: Grupo de Conselho e Diretrizes Sist\u00eamicas de Cultura (que tratar\u00e1 de toda a parte te\u00f3rica da lei), e o Grupo de Pol\u00edtica Or\u00e7ament\u00e1ria.<\/p>\n\n\n\n<p>A reuni\u00e3o foi presidida por Jan Moura, membro da CST, e teve a participa\u00e7\u00e3o de representantes de diversos segmentos do setor.<\/p>\n\n\n\n<p>\u201cA cultura est\u00e1 muito pulverizada, v\u00e1rias leis tramitando no Legislativo e Executivo, e a ideia \u00e9 fazer uma minuta para direcionarmos onde e como isso tudo pode acontecer. J\u00e1 fizemos algumas reuni\u00f5es, escutas p\u00fablicas, trocas de ideias e agora \u00e9 contextualizar todo esse material para a cria\u00e7\u00e3o da nova lei h\u00edbrida da cultura\u201d, explicou Jan.<\/p>\n\n\n\n<p>Jan Moura disse tamb\u00e9m que a CST da Cultura entrou na reta final de atua\u00e7\u00e3o, com previs\u00e3o de t\u00e9rmino para o dia 10 de julho e que para os pr\u00f3ximos encontros ser\u00e3o discutidos os seguintes temas: Pol\u00edticas de financiamento, fundo estadual, Conselho Estadual da Cultura e Comit\u00ea Intergestores Bipartite.<\/p>\n\n\n\n<p>O DJ Taba, vice-presidente do Conselho Estadual de Cultura, disse que a nova lei em discuss\u00e3o come\u00e7a com o setor cultural, deve passar pelo governo do estado, com o apoio do Legislativo. \u201c Estamos cumprindo a legisla\u00e7\u00e3o, o que determina as leis da cultura nacional e a Constitui\u00e7\u00e3o Federal, que \u00e9 construir processos, projetos de lei junto com o setor e com a classe cultural\u201d.<\/p>\n\n\n\n<p>A CST da Cultura tem como presidente o deputado Beto Dois a Um (Uni\u00e3o), relatora Tallyni Escobar, secret\u00e1ria Fernanda Amorim (assessora parlamentar), al\u00e9m de quinze membros que representam o setor cultural.&nbsp;<\/p>\n","protected":false},"excerpt":{"rendered":"<p>A reuni\u00e3o ocorreu na segunda-feira (20) e definiu dois grupos de trabalho: Conselho e Diretrizes Sist\u00eamicas de Cultura e Grupo de Pol\u00edtica Or\u00e7ament\u00e1ria  <\/p>\n","protected":false},"author":2,"featured_media":9186,"comment_status":"open","ping_status":"open","sticky":false,"template":"","format":"standard","meta":{"_acf_changed":false,"footnotes":""},"categories":[27,67,21,11],"tags":[35,46,50,37,49],"municipio":[],"class_list":["post-9183","post","type-post","status-publish","format-standard","has-post-thumbnail","hentry","category-carrousel","category-cst-cultura","category-cultura","category-noticias","tag-assembleia-legislativa","tag-cultura","tag-mandato","tag-politica","tag-projeto-de-lei"],"acf":[],"_links":{"self":[{"href":"https:\/\/betodoisaum.com.br\/site\/wp-json\/wp\/v2\/posts\/9183","targetHints":{"allow":["GET"]}}],"collection":[{"href":"https:\/\/betodoisaum.com.br\/site\/wp-json\/wp\/v2\/posts"}],"about":[{"href":"https:\/\/betodoisaum.com.br\/site\/wp-json\/wp\/v2\/types\/post"}],"author":[{"embeddable":true,"href":"https:\/\/betodoisaum.com.br\/site\/wp-json\/wp\/v2\/users\/2"}],"replies":[{"embeddable":true,"href":"https:\/\/betodoisaum.com.br\/site\/wp-json\/wp\/v2\/comments?post=9183"}],"version-history":[{"count":0,"href":"https:\/\/betodoisaum.com.br\/site\/wp-json\/wp\/v2\/posts\/9183\/revisions"}],"wp:featuredmedia":[{"embeddable":true,"href":"https:\/\/betodoisaum.com.br\/site\/wp-json\/wp\/v2\/media\/9186"}],"wp:attachment":[{"href":"https:\/\/betodoisaum.com.br\/site\/wp-json\/wp\/v2\/media?parent=9183"}],"wp:term":[{"taxonomy":"category","embeddable":true,"href":"https:\/\/betodoisaum.com.br\/site\/wp-json\/wp\/v2\/categories?post=9183"},{"taxonomy":"post_tag","embeddable":true,"href":"https:\/\/betodoisaum.com.br\/site\/wp-json\/wp\/v2\/tags?post=9183"},{"taxonomy":"municipio","embeddable":true,"href":"https:\/\/betodoisaum.com.br\/site\/wp-json\/wp\/v2\/municipio?post=9183"}],"curies":[{"name":"wp","href":"https:\/\/api.w.org\/{rel}","templated":true}]}}