{"id":9202,"date":"2024-06-10T16:22:51","date_gmt":"2024-06-10T20:22:51","guid":{"rendered":"https:\/\/betodoisaum.com.br\/site\/?p=9202"},"modified":"2024-06-10T16:38:18","modified_gmt":"2024-06-10T20:38:18","slug":"beto-dois-a-um-apresenta-pl-que-institui-dia-da-musica-sertaneja-em-mt","status":"publish","type":"post","link":"https:\/\/betodoisaum.com.br\/site\/beto-dois-a-um-apresenta-pl-que-institui-dia-da-musica-sertaneja-em-mt\/","title":{"rendered":"Beto Dois a Um apresenta PL que institui Dia da M\u00fasica Sertaneja em MT"},"content":{"rendered":"\n<p>Apresentado pelo deputado Beto Dois a Um (Uni\u00e3o), foi aprovado na Comiss\u00e3o de Educa\u00e7\u00e3o por unanimidade o projeto de lei que institui o \u201cDia da M\u00fasica Sertaneja\u201d em Mato Grosso. A data a ser celebrada \u00e9 13 de julho, dedicada ao nascimento do jornalista, escritor, poeta, compositor, cantor e produtor musical Corn\u00e9lio Pires.<\/p>\n\n\n\n<p>\u201cFoi Corn\u00e9lio [Pires] o precursor da m\u00fasica sertaneja, por assim dizer. Por isso ficou conhecido como o \u2018Bandeirante da m\u00fasica caipira\u2019. Foi ele o respons\u00e1vel por popularizar o g\u00eanero, \u00e9 dele a primeira grava\u00e7\u00e3o que chegou aos grandes centros. A primeira m\u00fasica caipira gravada em disco se chama \u2018Jorginho do Sert\u00e3o\u2019. Foi composta por Corn\u00e9lio Pires e interpretada pela dupla Mariano e Ca\u00e7ula\u201d, explica o parlamentar e cantor sertanejo Beto Dois a Um.<\/p>\n\n\n\n<p>A m\u00fasica sertaneja \u00e9 um g\u00eanero genuinamente brasileiro que surgiu nos idos da d\u00e9cada de 1910. Muito popular nos estados de Mato Grosso, Goi\u00e1s, Minas Gerais e S\u00e3o Paulo.<\/p>\n\n\n\n<p>\u201c\u00c9 ineg\u00e1vel a contribui\u00e7\u00e3o da m\u00fasica sertaneja na gera\u00e7\u00e3o de emprego e renda. Desde os eventos menores at\u00e9 os de grande porte, \u00e9 substancial a demanda por m\u00e3o de obra envolvendo profissionais de montagem de estrutura, palco, ilumina\u00e7\u00e3o, t\u00e9cnica de som, m\u00fasicos, artistas, seguran\u00e7a, transporte, passando pelos vendedores ambulantes, bares, lanchonetes, restaurantes e hot\u00e9is\u201d, destaca Beto.<\/p>\n\n\n\n<p>Os eventos de m\u00fasica sertaneja em Mato Grosso movimentam de forma significativa os setores do turismo, da arte, da cultura e do lazer, contribuindo expressivamente na divulga\u00e7\u00e3o do estado.<\/p>\n\n\n\n<p>A proposi\u00e7\u00e3o cumprir\u00e1 pauta por 5 sess\u00f5es ordin\u00e1rias at\u00e9 ser votada em plen\u00e1rio, o que deve ocorrer no in\u00edcio do segundo semestre de 2024.<\/p>\n","protected":false},"excerpt":{"rendered":"<p>A proposi\u00e7\u00e3o cumprir\u00e1 pauta por 5 sess\u00f5es ordin\u00e1rias at\u00e9 ser votada em plen\u00e1rio, o que deve ocorrer no in\u00edcio do segundo semestre de 2024<\/p>\n","protected":false},"author":2,"featured_media":8654,"comment_status":"open","ping_status":"open","sticky":false,"template":"","format":"standard","meta":{"_acf_changed":false,"footnotes":""},"categories":[27,21,11,73],"tags":[35,46,49],"municipio":[],"class_list":["post-9202","post","type-post","status-publish","format-standard","has-post-thumbnail","hentry","category-carrousel","category-cultura","category-noticias","category-social","tag-assembleia-legislativa","tag-cultura","tag-projeto-de-lei"],"acf":[],"_links":{"self":[{"href":"https:\/\/betodoisaum.com.br\/site\/wp-json\/wp\/v2\/posts\/9202","targetHints":{"allow":["GET"]}}],"collection":[{"href":"https:\/\/betodoisaum.com.br\/site\/wp-json\/wp\/v2\/posts"}],"about":[{"href":"https:\/\/betodoisaum.com.br\/site\/wp-json\/wp\/v2\/types\/post"}],"author":[{"embeddable":true,"href":"https:\/\/betodoisaum.com.br\/site\/wp-json\/wp\/v2\/users\/2"}],"replies":[{"embeddable":true,"href":"https:\/\/betodoisaum.com.br\/site\/wp-json\/wp\/v2\/comments?post=9202"}],"version-history":[{"count":0,"href":"https:\/\/betodoisaum.com.br\/site\/wp-json\/wp\/v2\/posts\/9202\/revisions"}],"wp:featuredmedia":[{"embeddable":true,"href":"https:\/\/betodoisaum.com.br\/site\/wp-json\/wp\/v2\/media\/8654"}],"wp:attachment":[{"href":"https:\/\/betodoisaum.com.br\/site\/wp-json\/wp\/v2\/media?parent=9202"}],"wp:term":[{"taxonomy":"category","embeddable":true,"href":"https:\/\/betodoisaum.com.br\/site\/wp-json\/wp\/v2\/categories?post=9202"},{"taxonomy":"post_tag","embeddable":true,"href":"https:\/\/betodoisaum.com.br\/site\/wp-json\/wp\/v2\/tags?post=9202"},{"taxonomy":"municipio","embeddable":true,"href":"https:\/\/betodoisaum.com.br\/site\/wp-json\/wp\/v2\/municipio?post=9202"}],"curies":[{"name":"wp","href":"https:\/\/api.w.org\/{rel}","templated":true}]}}