{"id":9511,"date":"2024-06-24T11:09:18","date_gmt":"2024-06-24T15:09:18","guid":{"rendered":"https:\/\/betodoisaum.com.br\/site\/?p=9511"},"modified":"2024-06-24T11:31:50","modified_gmt":"2024-06-24T15:31:50","slug":"lei-incentiva-parcerias-entre-estado-e-instituicoes-na-promocao-da-danca-em-mt","status":"publish","type":"post","link":"https:\/\/betodoisaum.com.br\/site\/lei-incentiva-parcerias-entre-estado-e-instituicoes-na-promocao-da-danca-em-mt\/","title":{"rendered":"Lei incentiva parcerias entre Estado e institui\u00e7\u00f5es na promo\u00e7\u00e3o da dan\u00e7a em MT"},"content":{"rendered":"\n<p>Foi publicada nesta segunda-feira (24), no Di\u00e1rio Oficial do Estado, a Lei n\u00ba 12.558 de 2024, iniciativa do deputado Beto Dois a Um (Uni\u00e3o) que insere no Dia Estadual da Dan\u00e7a a previs\u00e3o de parcerias do Estado com institui\u00e7\u00f5es culturais, escolas de dan\u00e7a, artistas e grupos culturais para a realiza\u00e7\u00e3o de eventos que promovam atividades voltadas \u00e0 dan\u00e7a.<\/p>\n\n\n\n<p>\u201cA dan\u00e7a, em suas diferentes express\u00f5es, \u00e9 vital para a cultura mato-grossense e vai muito al\u00e9m, pois estamos falando de manifesta\u00e7\u00f5es culturais, integra\u00e7\u00e3o e desenvolvimento social e emocional, fora os benef\u00edcios para a sa\u00fade f\u00edsica e mental. Ao propor o dia da dan\u00e7a, estamos n\u00e3o apenas fortalecendo e reconhecendo a import\u00e2ncia dela, mas indo al\u00e9m, pois estamos criando formas de incentivar que os eventos ocorram em todo o estado\u201d, explicou o deputado.<\/p>\n\n\n\n<p>A Lei n\u00ba 8.479, de 15 de maio de 2006 j\u00e1 estabelecia o Dia Estadual da Dan\u00e7a celebrado anualmente no dia 29 de abril, no entanto o deputado Beto Dois a Um apresentou uma proposta de aprimoramento da legisla\u00e7\u00e3o com a previs\u00e3o de parcerias para realiza\u00e7\u00e3o de atividades.<\/p>\n\n\n\n<p>\u201c\u00c9 extremamente positivo para quem atua nessa \u00e1rea termos uma lei estadual que aproxime toda a cadeia produtiva da dan\u00e7a ao poder p\u00fablico. Essa lei valoriza o trabalho de quem atua na \u00e1rea e fortalece a dan\u00e7a em Mato Grosso\u201d, destaca Kelson Panosso, diretor da Companhia das Artes e Associados (Cidarta).<\/p>\n\n\n\n<p>\u201cAs comemora\u00e7\u00f5es do Dia Estadual da Dan\u00e7a poder\u00e3o incluir apresenta\u00e7\u00f5es, workshops, palestras, exposi\u00e7\u00f5es e outras atividades relacionadas \u00e0 dan\u00e7a, visando \u00e0 valoriza\u00e7\u00e3o e difus\u00e3o dessa forma de express\u00e3o art\u00edstica\u201d, diz trecho da lei.<\/p>\n","protected":false},"excerpt":{"rendered":"<p>A data a ser celebrada reserva o dia 29 de abril, em virtude do Dia Internacional da Dan\u00e7a, criado em 1982<\/p>\n","protected":false},"author":9,"featured_media":9517,"comment_status":"open","ping_status":"open","sticky":false,"template":"","format":"standard","meta":{"_acf_changed":false,"footnotes":""},"categories":[27,21,12,11],"tags":[46,49],"municipio":[],"class_list":["post-9511","post","type-post","status-publish","format-standard","has-post-thumbnail","hentry","category-carrousel","category-cultura","category-geral","category-noticias","tag-cultura","tag-projeto-de-lei"],"acf":[],"_links":{"self":[{"href":"https:\/\/betodoisaum.com.br\/site\/wp-json\/wp\/v2\/posts\/9511","targetHints":{"allow":["GET"]}}],"collection":[{"href":"https:\/\/betodoisaum.com.br\/site\/wp-json\/wp\/v2\/posts"}],"about":[{"href":"https:\/\/betodoisaum.com.br\/site\/wp-json\/wp\/v2\/types\/post"}],"author":[{"embeddable":true,"href":"https:\/\/betodoisaum.com.br\/site\/wp-json\/wp\/v2\/users\/9"}],"replies":[{"embeddable":true,"href":"https:\/\/betodoisaum.com.br\/site\/wp-json\/wp\/v2\/comments?post=9511"}],"version-history":[{"count":3,"href":"https:\/\/betodoisaum.com.br\/site\/wp-json\/wp\/v2\/posts\/9511\/revisions"}],"predecessor-version":[{"id":9518,"href":"https:\/\/betodoisaum.com.br\/site\/wp-json\/wp\/v2\/posts\/9511\/revisions\/9518"}],"wp:featuredmedia":[{"embeddable":true,"href":"https:\/\/betodoisaum.com.br\/site\/wp-json\/wp\/v2\/media\/9517"}],"wp:attachment":[{"href":"https:\/\/betodoisaum.com.br\/site\/wp-json\/wp\/v2\/media?parent=9511"}],"wp:term":[{"taxonomy":"category","embeddable":true,"href":"https:\/\/betodoisaum.com.br\/site\/wp-json\/wp\/v2\/categories?post=9511"},{"taxonomy":"post_tag","embeddable":true,"href":"https:\/\/betodoisaum.com.br\/site\/wp-json\/wp\/v2\/tags?post=9511"},{"taxonomy":"municipio","embeddable":true,"href":"https:\/\/betodoisaum.com.br\/site\/wp-json\/wp\/v2\/municipio?post=9511"}],"curies":[{"name":"wp","href":"https:\/\/api.w.org\/{rel}","templated":true}]}}