{"id":961,"date":"2023-02-02T14:00:00","date_gmt":"2023-02-02T18:00:00","guid":{"rendered":"https:\/\/betodoisaum.com.br\/site\/?p=961"},"modified":"2023-04-13T13:57:32","modified_gmt":"2023-04-13T17:57:32","slug":"beto-dois-a-um-estreia-na-almt-como-vice-lider-do-governo-de-mato-grosso","status":"publish","type":"post","link":"https:\/\/betodoisaum.com.br\/site\/beto-dois-a-um-estreia-na-almt-como-vice-lider-do-governo-de-mato-grosso\/","title":{"rendered":"Beto Dois a Um estreia na ALMT como vice-l\u00edder do Governo de Mato Grosso"},"content":{"rendered":"\n<p>O governador Mauro Mendes anunciou nesta quinta-feira (2), na primeira sess\u00e3o da 20\u00aa Legislatura que o deputado estadual Beto Dois a Um (PSB), ao lado de Dilmar Dal Bosco (Uni\u00e3o Brasil) v\u00e3o compor a lideran\u00e7a do Governo na Assembleia Legislativa. Em seu primeiro mandato, Beto estreia na vice-lideran\u00e7a. Na avalia\u00e7\u00e3o do governador, um tem muito a contribuir com o outro: \u201cexperi\u00eancia e inova\u00e7\u00e3o\u201d.<\/p>\n\n\n\n<p>\u201cDilmar \u00e9 experiente, dedicado, conhece bem o processo legislativo e contribuiu muito com o governo. E Beto, como nosso vice-l\u00edder, foi nosso secret\u00e1rio, pessoa querida por muitos aqui dentro. Acredito que essa dupla da experi\u00eancia com a inova\u00e7\u00e3o, da capacidade que cada um tem com suas caracter\u00edsticas pode nos ajudar no dia a dia da condu\u00e7\u00e3o dos projetos do governo dentro do Legislativo\u201d.<\/p>\n\n\n\n<p>Beto celebrou a decis\u00e3o do governador. \u201cEu me sinto pronto para representar o governo na ALMT. Entendo o modelo de gest\u00e3o, afinal fiz parte dessa estrutura h\u00e1 bem pouco tempo, como secret\u00e1rio de Estado. Ent\u00e3o, posso contribuir com Dilmar, que tem sido um l\u00edder excepcional nos \u00faltimos anos para que a gente amplie esse di\u00e1logo entre o Executivo e a ALMT\u201d.<\/p>\n\n\n\n<p>Para o deputado estadual, que deu in\u00edcio ao primeiro mandato nesta quinta-feira (2), o Governo de Mato Grosso j\u00e1 encontrou a f\u00f3rmula, mas \u00e9 preciso apoio para que siga avan\u00e7ando \u00e0 frente do Executivo. \u201cTenho consci\u00eancia da minha responsabilidade porque o \u00eaxito do governo deve-se tamb\u00e9m ao apoio dos deputados. A ALMT tem sido fundamental nesse processo que tem como objetivo melhorar a vida da popula\u00e7\u00e3o de Mato Grosso\u201d.<\/p>\n\n\n\n<p><strong>Sess\u00e3o<\/strong><\/p>\n\n\n\n<p>Mauro Mendes participou da sess\u00e3o falando dos desafios que o Governo de Mato Grosso tem pela frente nos pr\u00f3ximos quatro anos e pediu apoio dos deputados para avan\u00e7ar nas melhorias e entregas \u00e0 popula\u00e7\u00e3o. Reafirmou o compromisso da Casa Civil no di\u00e1logo constante com os deputados e naste ponto da sess\u00e3o, comunicou aos deputados que Dilmar e Beto iriam trabalhar juntos.<\/p>\n\n\n\n<p>Disse que tomou sua decis\u00e3o com base na observa\u00e7\u00e3o atenta da din\u00e2mica da nova legislatura e com base na retrospectiva dos \u00faltimos quatro anos.<\/p>\n\n\n\n<p>\u201cPara liderar a atua\u00e7\u00e3o do governo, nos pr\u00f3ximos anos nesta casa, escolhemos novamente o deputado Dilmar Dal Bosco, pelo trabalho, dedica\u00e7\u00e3o, conhecimento t\u00e9cnico que ele tem no processo legislativo. E como vice-l\u00edder do governo, o novato, mas j\u00e1 experiente tamb\u00e9m nesta casa, como assessor e no governo como secret\u00e1rio, o deputado Beto Dois a Um\u201d.<\/p>\n\n\n\n<p>Mauro Mendes destacou a rela\u00e7\u00e3o de parceria que se descortina. \u201cPe\u00e7o que os senhores tenham neles parceiros para o di\u00e1logo do dia a dia, estaremos sempre abertos e vamos procurar, dentro desse princ\u00edpio obsessivo por efici\u00eancia, tornar tamb\u00e9m mais eficiente a nossa comunica\u00e7\u00e3o com os senhores\u201d.<\/p>\n\n\n\n<p>Destacou que o objetivo \u00e9 estabelecer din\u00e2mica de aprofundamento em projetos legislativos pautados na Casa.<\/p>\n\n\n\n<p>\u201cVou pedir \u00e0 Casa Civil, aos nossos l\u00edderes, que todos, mas principalmente aqueles projetos de maior densidade, impacto na sociedade mato-grossense que a gente possa criar e aprimorar instrumentos para que os senhores deputados possam ter um conhecimento, uma vis\u00e3o mais ampla, para proferir a decis\u00e3o t\u00e3o importante dos senhores\u201d.<\/p>\n\n\n\n<p><em><strong>Da Assessoria <\/strong><\/em><\/p>\n","protected":false},"excerpt":{"rendered":"<p>O governador Mauro Mendes anunciou nesta quinta-feira (2), na primeira sess\u00e3o da 20\u00aa Legislatura que o deputado estadual Beto Dois a Um (PSB), ao lado de Dilmar Dal Bosco (Uni\u00e3o Brasil) v\u00e3o compor a lideran\u00e7a do Governo na Assembleia Legislativa<\/p>\n","protected":false},"author":2,"featured_media":927,"comment_status":"open","ping_status":"open","sticky":false,"template":"","format":"standard","meta":{"_acf_changed":false,"footnotes":""},"categories":[27,12,11],"tags":[38,37,39],"municipio":[],"class_list":["post-961","post","type-post","status-publish","format-standard","has-post-thumbnail","hentry","category-carrousel","category-geral","category-noticias","tag-governo-de-mato-grosso","tag-politica","tag-vice-lider-do-governo"],"acf":[],"_links":{"self":[{"href":"https:\/\/betodoisaum.com.br\/site\/wp-json\/wp\/v2\/posts\/961","targetHints":{"allow":["GET"]}}],"collection":[{"href":"https:\/\/betodoisaum.com.br\/site\/wp-json\/wp\/v2\/posts"}],"about":[{"href":"https:\/\/betodoisaum.com.br\/site\/wp-json\/wp\/v2\/types\/post"}],"author":[{"embeddable":true,"href":"https:\/\/betodoisaum.com.br\/site\/wp-json\/wp\/v2\/users\/2"}],"replies":[{"embeddable":true,"href":"https:\/\/betodoisaum.com.br\/site\/wp-json\/wp\/v2\/comments?post=961"}],"version-history":[{"count":0,"href":"https:\/\/betodoisaum.com.br\/site\/wp-json\/wp\/v2\/posts\/961\/revisions"}],"wp:featuredmedia":[{"embeddable":true,"href":"https:\/\/betodoisaum.com.br\/site\/wp-json\/wp\/v2\/media\/927"}],"wp:attachment":[{"href":"https:\/\/betodoisaum.com.br\/site\/wp-json\/wp\/v2\/media?parent=961"}],"wp:term":[{"taxonomy":"category","embeddable":true,"href":"https:\/\/betodoisaum.com.br\/site\/wp-json\/wp\/v2\/categories?post=961"},{"taxonomy":"post_tag","embeddable":true,"href":"https:\/\/betodoisaum.com.br\/site\/wp-json\/wp\/v2\/tags?post=961"},{"taxonomy":"municipio","embeddable":true,"href":"https:\/\/betodoisaum.com.br\/site\/wp-json\/wp\/v2\/municipio?post=961"}],"curies":[{"name":"wp","href":"https:\/\/api.w.org\/{rel}","templated":true}]}}