{"id":964,"date":"2023-03-09T12:24:00","date_gmt":"2023-03-09T16:24:00","guid":{"rendered":"https:\/\/betodoisaum.com.br\/site\/?p=964"},"modified":"2023-04-13T14:00:37","modified_gmt":"2023-04-13T18:00:37","slug":"beto-dois-a-um-representa-almt-na-inauguracao-da-unidade-modelo-do-programa-ser-crianca","status":"publish","type":"post","link":"https:\/\/betodoisaum.com.br\/site\/beto-dois-a-um-representa-almt-na-inauguracao-da-unidade-modelo-do-programa-ser-crianca\/","title":{"rendered":"Beto Dois a Um representa ALMT na inaugura\u00e7\u00e3o da unidade modelo do programa SER Crian\u00e7a"},"content":{"rendered":"\n<p>Na manh\u00e3 desta quinta-feira (09), o deputado estadual Beto Dois a Um (PSB) representou a Assembleia Legislativa de Mato Grosso na inaugura\u00e7\u00e3o da primeira Unidade do Programa SER Crian\u00e7a, em Pocon\u00e9 (a 200 km de Cuiab\u00e1), desenvolvido pela Secretaria Estadual de Assist\u00eancia Social e Cidadania (Setasc).<\/p>\n\n\n\n<p><br>\u201cMuito orgulho em representar a Assembleia Legislativa de Mato Grosso nesta extraordin\u00e1ria a\u00e7\u00e3o da primeira-dama. Um privil\u00e9gio ter uma primeira-dama como Virginia Mendes que sabe a import\u00e2ncia do poder p\u00fablico para mudar a vida das pessoas. Pocon\u00e9 foi escolhida a dedo, foi escolhida porque precisa. \u00c9 a primeira de muitas unidades como essa que ser\u00e3o constru\u00eddas em todo o estado. S\u00f3 pela inaugura\u00e7\u00e3o j\u00e1 d\u00e1 para ver que \u00e9 um case de sucesso\u201d, destacou Beto Dois a Um.<\/p>\n\n\n\n<p><br>Este ano, a unidade vai atender 400 crian\u00e7as em situa\u00e7\u00e3o de vulnerabilidade, com aulas de m\u00fasica, artes, dan\u00e7a, esportes e refor\u00e7o das disciplinas, sempre em contraturno escolar. O investimento do Governo de Mato Grosso no programa \u00e9 de mais de R$ 7 milh\u00f5es.<\/p>\n\n\n\n<p><br>\u201cEstou impressionado com a estrutura da unidade, com o cronograma de atividades, com a alimenta\u00e7\u00e3o servida, tudo \u00e9 preparado com muito carinho. A qualidade \u00e9 uma marca do governo Mauro Mendes. \u00c9 para isso que o poder p\u00fablico serve, para mudar a vida das pessoas. Parab\u00e9ns ao governador Mauro Mendes, \u00e0 primeira-dama Virginia Mendes, ao prefeito de Pocon\u00e9 Tat\u00e1 Amaral e \u00e0 primeira-dama da cidade, Joelma Gomes\u201d, disse Beto Dois a Um.<\/p>\n\n\n\n<p><br>O custo da constru\u00e7\u00e3o do pr\u00e9dio foi de R$ 2.027.604,06. Por ano, o Governo investir\u00e1 o total de R$ 7.107.155,10 no programa, incluindo a execu\u00e7\u00e3o do projeto, o aparelhamento da unidade, os uniformes para as crian\u00e7as, o custo com as refei\u00e7\u00f5es em cada turno, al\u00e9m da capacita\u00e7\u00e3o dos profissionais que v\u00e3o trabalhar na unidade modelo.<\/p>\n\n\n\n<p><br>O programa SER Crian\u00e7a proporcionar\u00e1 aos alunos as seguintes atividades: oficinas l\u00fadicas, cognitivas, esportivas e culturais, bem como os servi\u00e7os s\u00f3cia assistenciais, socioculturais, socioeducativos e psicol\u00f3gicos para crian\u00e7as em situa\u00e7\u00e3o de vulnerabilidade e alto risco social.<\/p>\n\n\n\n<p><br>\u201cO programa tem o olhar social e cuidadoso da primeira-dama e tudo foi constru\u00eddo com muito carinho e amor para que as crian\u00e7as recebam atendimento especializado, de qualidade t\u00e9cnica. E acima de tudo, para que se sintam acolhidas\u201d, conclui Beto Dois a Um.<\/p>\n\n\n\n<p><br>A execu\u00e7\u00e3o do programa \u00e9 uma a\u00e7\u00e3o da Setasc, por meio da equipe t\u00e9cnica da Secretaria Adjunta de Programa e Projetos Especiais e Aten\u00e7\u00e3o \u00e0 Fam\u00edlia (Sappeaf), e conta com a parceria do munic\u00edpio de Pocon\u00e9, que doou o terreno para a constru\u00e7\u00e3o e contribuir\u00e1 com parte do custo de manuten\u00e7\u00e3o, bem como ser\u00e1 respons\u00e1vel pela execu\u00e7\u00e3o do programa.<\/p>\n\n\n\n<p><strong><em>Da Assessoria <\/em><\/strong><\/p>\n","protected":false},"excerpt":{"rendered":"<p>Em Pocon\u00e9, o deputado Beto Dois a Um participa da inaugura\u00e7\u00e3o da unidade que este ano vai atender mais de 400 crian\u00e7as em situa\u00e7\u00e3o de vulnerabilidade <\/p>\n","protected":false},"author":2,"featured_media":965,"comment_status":"closed","ping_status":"closed","sticky":false,"template":"","format":"standard","meta":{"_acf_changed":false,"footnotes":""},"categories":[24,11],"tags":[42,41,40],"municipio":[],"class_list":["post-964","post","type-post","status-publish","format-standard","has-post-thumbnail","hentry","category-assistencia-social","category-noticias","tag-governomt","tag-ser-crianca","tag-social"],"acf":[],"_links":{"self":[{"href":"https:\/\/betodoisaum.com.br\/site\/wp-json\/wp\/v2\/posts\/964","targetHints":{"allow":["GET"]}}],"collection":[{"href":"https:\/\/betodoisaum.com.br\/site\/wp-json\/wp\/v2\/posts"}],"about":[{"href":"https:\/\/betodoisaum.com.br\/site\/wp-json\/wp\/v2\/types\/post"}],"author":[{"embeddable":true,"href":"https:\/\/betodoisaum.com.br\/site\/wp-json\/wp\/v2\/users\/2"}],"replies":[{"embeddable":true,"href":"https:\/\/betodoisaum.com.br\/site\/wp-json\/wp\/v2\/comments?post=964"}],"version-history":[{"count":0,"href":"https:\/\/betodoisaum.com.br\/site\/wp-json\/wp\/v2\/posts\/964\/revisions"}],"wp:featuredmedia":[{"embeddable":true,"href":"https:\/\/betodoisaum.com.br\/site\/wp-json\/wp\/v2\/media\/965"}],"wp:attachment":[{"href":"https:\/\/betodoisaum.com.br\/site\/wp-json\/wp\/v2\/media?parent=964"}],"wp:term":[{"taxonomy":"category","embeddable":true,"href":"https:\/\/betodoisaum.com.br\/site\/wp-json\/wp\/v2\/categories?post=964"},{"taxonomy":"post_tag","embeddable":true,"href":"https:\/\/betodoisaum.com.br\/site\/wp-json\/wp\/v2\/tags?post=964"},{"taxonomy":"municipio","embeddable":true,"href":"https:\/\/betodoisaum.com.br\/site\/wp-json\/wp\/v2\/municipio?post=964"}],"curies":[{"name":"wp","href":"https:\/\/api.w.org\/{rel}","templated":true}]}}