{"id":976,"date":"2023-03-14T10:05:00","date_gmt":"2023-03-14T14:05:00","guid":{"rendered":"https:\/\/betodoisaum.com.br\/site\/?p=976"},"modified":"2023-04-13T14:03:04","modified_gmt":"2023-04-13T18:03:04","slug":"se-nenhuma-providencia-for-tomada-da-liberdade-para-pessimos-gestores-se-criarem-diz-beto-dois-a-um","status":"publish","type":"post","link":"https:\/\/betodoisaum.com.br\/site\/se-nenhuma-providencia-for-tomada-da-liberdade-para-pessimos-gestores-se-criarem-diz-beto-dois-a-um\/","title":{"rendered":"&#8220;Se nenhuma provid\u00eancia for tomada, d\u00e1 liberdade para p\u00e9ssimos gestores se criarem&#8221;, diz Beto Dois a Um"},"content":{"rendered":"\n<p>Na Comiss\u00e3o de Sa\u00fade, Previd\u00eancia e Assist\u00eancia Social que antecedeu a Sess\u00e3o Ordin\u00e1ria em andamento nesta quarta-feira (15), o deputado estadual Beto Dois a Um (PSB) defendeu veementemente o decreto do Governo de Mato Grosso de interven\u00e7\u00e3o estadual no Munic\u00edpio de Cuiab\u00e1, especificamente, para atua\u00e7\u00e3o na \u00e1rea de sa\u00fade. Incluindo a administra\u00e7\u00e3o direta e indireta.<\/p>\n\n\n\n<p>\u201cA decis\u00e3o de hoje pode salvar vidas. Como foi dito, a decis\u00e3o positiva vai abrir precedentes para que outras prefeituras em Mato Grosso possam sofrer interven\u00e7\u00e3o. Mas se alguma provid\u00eancia n\u00e3o for tomada agora, abre um precedente ainda mais grave, de que a bandalheira na Sa\u00fade de Cuiab\u00e1 vai poder continuar a qualquer tempo, a qualquer pre\u00e7o, e que nenhuma provid\u00eancia precisa ser tomada\u201d, destaca Beto Dois a Um.<\/p>\n\n\n\n<p>De acordo com di\u00e1rio oficial desta ter\u00e7a-feira (14), a interven\u00e7\u00e3o vigorar\u00e1 pelo prazo de 90 dias. Entre outros pontos, a interven\u00e7\u00e3o tem como finalidade reorganizar a administra\u00e7\u00e3o da pol\u00edtica de sa\u00fade p\u00fablica municipal de Cuiab\u00e1, para o atendimento de decis\u00f5es judiciais descumpridas, realiza\u00e7\u00e3o de cirurgias, disponibiliza\u00e7\u00e3o de exames e medicamentos, bem como outras demandas reprimidas de responsabilidade municipal.<\/p>\n\n\n\n<p>\u201cEu sei que 90 dias \u00e9 pouco tempo, por isso precisamos focar na solu\u00e7\u00e3o, n\u00e3o podemos perder tempo em olhar para tr\u00e1s, isso \u00e9 uma fun\u00e7\u00e3o da pol\u00edcia e dos \u00f3rg\u00e3os de controle, que a prop\u00f3sito j\u00e1 est\u00e3o agindo. N\u00e3o podemos esquecer que essa interven\u00e7\u00e3o n\u00e3o \u00e9 um desejo do governador Mauro Mendes, n\u00e3o \u00e9 uma quest\u00e3o que precisemos barganhar, quanto ao recurso que o Governo do Estado precisa colocar para que essa interven\u00e7\u00e3o ocorra. Essa \u00e9 uma decis\u00e3o judicial baseada no caos administrativo instalado na sa\u00fade municipal de Cuiab\u00e1\u201d, disse o deputado.<\/p>\n\n\n\n<p>No decreto fica nomeado para o cargo de interventora, Danielle Pedroso Dias Carmona Bertucini. Ela substituir\u00e1 o prefeito, com amplos poderes de gest\u00e3o e administra\u00e7\u00e3o, podendo editar decretos, atos, inclusive or\u00e7ament\u00e1rios, fazer nomea\u00e7\u00f5es, exonera\u00e7\u00f5es, determinar medidas imperativas aos subordinados e demais servidores da Secretaria, at\u00e9 que se cumpram efetivamente todas as provid\u00eancias necess\u00e1rias \u00e0 regulariza\u00e7\u00e3o da sa\u00fade na cidade de Cuiab\u00e1.<\/p>\n\n\n\n<p>Danielle Carmona ter\u00e1 dez dias para apresentar o diagn\u00f3stico cont\u00e1bil, financeiro e administrativo da Sa\u00fade de Cuiab\u00e1, e 15 dias para entregar o plano de interven\u00e7\u00e3o, com as medidas a serem adotadas para regulariza\u00e7\u00e3o dos servi\u00e7os de sa\u00fade, al\u00e9m de apresentar relat\u00f3rios quinzenais com as provid\u00eancias tomadas.<\/p>\n\n\n\n<p>\u201cA interven\u00e7\u00e3o estar\u00e1 em boas m\u00e3o, Danielle Carmona \u00e9 uma excelente profissional, com uma hist\u00f3ria de resultados, \u00e9 realmente uma grande gestora e n\u00e3o tenho d\u00favidas de que far\u00e1 um grande trabalho nos pr\u00f3ximos 90 dias, com o acompanhamento da Assembleia Legislativa de Mato Grosso\u201d.<\/p>\n\n\n\n<p>Questionado sobre recursos do Governo do Estado a serem investidos na Sa\u00fade de Cuiab\u00e1, o deputado disse que esse n\u00e3o pode ser um fator determinante para a aprova\u00e7\u00e3o da interven\u00e7\u00e3o pelo poder Executivo.<\/p>\n\n\n\n<p>\u201cAcredito que o exemplo administrativo do Governo de Mato Grosso, simplesmente, sirva como uma melhor op\u00e7\u00e3o. E esses 90 dias de interven\u00e7\u00e3o, inicialmente, v\u00e3o servir como par\u00e2metro para que possamos entender quanto ser\u00e1 investido na sa\u00fade de Cuiab\u00e1, o que precisa ser feito. A inje\u00e7\u00e3o de recursos financeiros n\u00e3o pode ser um fator determinante para a interven\u00e7\u00e3o. No primeiro momento a inten\u00e7\u00e3o \u00e9 mudar a gest\u00e3o administrativa. \u00c9 inacredit\u00e1vel que tantos secret\u00e1rios da pasta tenham sido presos ou afastados nos \u00faltimos meses. Um caos generalizado em que foi necess\u00e1rio todos os poderes se unirem para discutir uma solu\u00e7\u00e3o para a Sa\u00fade municipal de Cuiab\u00e1, que est\u00e1 \u00e0 deriva h\u00e1 muito tempo, nas p\u00e1ginas policiais dia sim, dia n\u00e3o\u201d, conclui Beto Dois a Um.<\/p>\n\n\n\n<p>O decreto da interven\u00e7\u00e3o foi publicado na edi\u00e7\u00e3o extra do Di\u00e1rio Oficial desta ter\u00e7a-feira (14) e diz respeito a interven\u00e7\u00e3o do Estado na Secretaria de Sa\u00fade de Cuiab\u00e1 e na Empresa Cuiabana de Sa\u00fade da capital com finalidade de reorganizar a administra\u00e7\u00e3o do setor e cumprir decis\u00f5es judiciais. O Decreto do Governo de Mato Grosso est\u00e1 em vota\u00e7\u00e3o nesta quarta-feira na Assembleia Legislativa de Mato Grosso. O resultado da vota\u00e7\u00e3o deve sair at\u00e9 o fim desta quarta-feira.<\/p>\n\n\n\n<p><strong><em>Da Assessoria<\/em><\/strong><\/p>\n","protected":false},"excerpt":{"rendered":"<p>Na Comiss\u00e3o de Sa\u00fade, Previd\u00eancia e Assist\u00eancia Social que antecedeu a Sess\u00e3o Ordin\u00e1ria desta quarta-feira (15), o deputado Beto Dois a Um defendeu o decreto do Governo de Mato Grosso de interven\u00e7\u00e3o estadual na sa\u00fade do Munic\u00edpio de Cuiab\u00e1<\/p>\n","protected":false},"author":2,"featured_media":977,"comment_status":"open","ping_status":"open","sticky":false,"template":"","format":"standard","meta":{"_acf_changed":false,"footnotes":""},"categories":[27,11,18],"tags":[],"municipio":[],"class_list":["post-976","post","type-post","status-publish","format-standard","has-post-thumbnail","hentry","category-carrousel","category-noticias","category-saude"],"acf":[],"_links":{"self":[{"href":"https:\/\/betodoisaum.com.br\/site\/wp-json\/wp\/v2\/posts\/976","targetHints":{"allow":["GET"]}}],"collection":[{"href":"https:\/\/betodoisaum.com.br\/site\/wp-json\/wp\/v2\/posts"}],"about":[{"href":"https:\/\/betodoisaum.com.br\/site\/wp-json\/wp\/v2\/types\/post"}],"author":[{"embeddable":true,"href":"https:\/\/betodoisaum.com.br\/site\/wp-json\/wp\/v2\/users\/2"}],"replies":[{"embeddable":true,"href":"https:\/\/betodoisaum.com.br\/site\/wp-json\/wp\/v2\/comments?post=976"}],"version-history":[{"count":0,"href":"https:\/\/betodoisaum.com.br\/site\/wp-json\/wp\/v2\/posts\/976\/revisions"}],"wp:featuredmedia":[{"embeddable":true,"href":"https:\/\/betodoisaum.com.br\/site\/wp-json\/wp\/v2\/media\/977"}],"wp:attachment":[{"href":"https:\/\/betodoisaum.com.br\/site\/wp-json\/wp\/v2\/media?parent=976"}],"wp:term":[{"taxonomy":"category","embeddable":true,"href":"https:\/\/betodoisaum.com.br\/site\/wp-json\/wp\/v2\/categories?post=976"},{"taxonomy":"post_tag","embeddable":true,"href":"https:\/\/betodoisaum.com.br\/site\/wp-json\/wp\/v2\/tags?post=976"},{"taxonomy":"municipio","embeddable":true,"href":"https:\/\/betodoisaum.com.br\/site\/wp-json\/wp\/v2\/municipio?post=976"}],"curies":[{"name":"wp","href":"https:\/\/api.w.org\/{rel}","templated":true}]}}