{"id":9862,"date":"2024-08-05T09:03:13","date_gmt":"2024-08-05T13:03:13","guid":{"rendered":"https:\/\/betodoisaum.com.br\/site\/?p=9862"},"modified":"2024-08-05T10:01:25","modified_gmt":"2024-08-05T14:01:25","slug":"emanuelle-calgaro-e-artista-favorita-do-publico-no-premio-arte-anima-latina-2024","status":"publish","type":"post","link":"https:\/\/betodoisaum.com.br\/site\/emanuelle-calgaro-e-artista-favorita-do-publico-no-premio-arte-anima-latina-2024\/","title":{"rendered":"Emanuelle Calgaro \u00e9 artista favorita do p\u00fablico no Pr\u00eamio Arte Anima Latina 2024"},"content":{"rendered":"\n<p>Com 1.388 votos, concorrendo com mais de 300 artistas de 14 pa\u00edses, a mato-grossense Emanuelle Calgaro \u00e9 escolhida a favorita do p\u00fablico no Pr\u00eamio Arte Anima Latina 2024.<\/p>\n\n\n\n<p>O Pr\u00eamio Arte Anima Latina chega a sua quinta edi\u00e7\u00e3o este ano, em Perugia, na It\u00e1lia. O pr\u00eamio integra a Mostra de Arte Latino-Americana que conta com exposi\u00e7\u00e3o mista que destaca artistas das am\u00e9ricas, entre eles, Calgaro.<\/p>\n\n\n\n<p>\u201cFui uma das artistas selecionadas no pr\u00eamio, o que j\u00e1 me deixou muito orgulhosa e confiante. Expor meu trabalho na Europa \u00e9 um sonho antigo que se realiza. Agora vem a not\u00edcia de que sou a favorita do p\u00fablico. Estou nas nuvens! Tudo isso \u00e9 resultado de muito trabalho e dedica\u00e7\u00e3o, estou muito agradecida a todos que votaram em mim\u201d, comemora Calgaro.<\/p>\n\n\n\n<p>A Mostra de Arte Latino-Americana destaca 40 obras em exposi\u00e7\u00e3o aberta \u00e0 visita\u00e7\u00e3o at\u00e9 13 de agosto, na Sala Cannoniera da Rocca Paolina, na It\u00e1lia.<\/p>\n\n\n\n<p>\u201cAs artes pl\u00e1sticas em Mato Grosso est\u00e3o bem representadas na It\u00e1lia. Com seu talento incontest\u00e1vel, Calgaro leva o nome do estado para essa mostra internacional e nos enche de orgulho\u201d, destaca Beto Dois a Um. <\/p>\n\n\n\n<p>Por ser escolhida a favorita do p\u00fablico, Emanuelle Calgaro ganhou uma bolsa para estudar a l\u00edngua e a cultura em Perugia, na It\u00e1lia, ano que vem.<\/p>\n\n\n\n<p>Emanuelle reside em Cuiab\u00e1, onde tem como inspira\u00e7\u00e3o para suas cria\u00e7\u00f5es os p\u00e1ssaros do Pantanal e do Brasil. Sua pr\u00f3xima exposi\u00e7\u00e3o intitulada Projeto Sentido \u2013 S\u00e9rie Travessia ocorre a partir do dia 12 de setembro, na Galeria Lava P\u00e9s, em Cuiab\u00e1.<\/p>\n","protected":false},"excerpt":{"rendered":"<p>Concorrendo com mais de 300 artistas de 14 pa\u00edses, Emanuelle Calgaro \u00e9 escolhida a favorita do p\u00fablico. O Pr\u00eamio Arte Anima Latina chega a sua quinta edi\u00e7\u00e3o este ano, em Perugia, na It\u00e1lia<\/p>\n","protected":false},"author":2,"featured_media":9871,"comment_status":"open","ping_status":"open","sticky":false,"template":"","format":"standard","meta":{"_acf_changed":false,"footnotes":""},"categories":[27,21,11],"tags":[46],"municipio":[],"class_list":["post-9862","post","type-post","status-publish","format-standard","has-post-thumbnail","hentry","category-carrousel","category-cultura","category-noticias","tag-cultura"],"acf":[],"_links":{"self":[{"href":"https:\/\/betodoisaum.com.br\/site\/wp-json\/wp\/v2\/posts\/9862","targetHints":{"allow":["GET"]}}],"collection":[{"href":"https:\/\/betodoisaum.com.br\/site\/wp-json\/wp\/v2\/posts"}],"about":[{"href":"https:\/\/betodoisaum.com.br\/site\/wp-json\/wp\/v2\/types\/post"}],"author":[{"embeddable":true,"href":"https:\/\/betodoisaum.com.br\/site\/wp-json\/wp\/v2\/users\/2"}],"replies":[{"embeddable":true,"href":"https:\/\/betodoisaum.com.br\/site\/wp-json\/wp\/v2\/comments?post=9862"}],"version-history":[{"count":3,"href":"https:\/\/betodoisaum.com.br\/site\/wp-json\/wp\/v2\/posts\/9862\/revisions"}],"predecessor-version":[{"id":9875,"href":"https:\/\/betodoisaum.com.br\/site\/wp-json\/wp\/v2\/posts\/9862\/revisions\/9875"}],"wp:featuredmedia":[{"embeddable":true,"href":"https:\/\/betodoisaum.com.br\/site\/wp-json\/wp\/v2\/media\/9871"}],"wp:attachment":[{"href":"https:\/\/betodoisaum.com.br\/site\/wp-json\/wp\/v2\/media?parent=9862"}],"wp:term":[{"taxonomy":"category","embeddable":true,"href":"https:\/\/betodoisaum.com.br\/site\/wp-json\/wp\/v2\/categories?post=9862"},{"taxonomy":"post_tag","embeddable":true,"href":"https:\/\/betodoisaum.com.br\/site\/wp-json\/wp\/v2\/tags?post=9862"},{"taxonomy":"municipio","embeddable":true,"href":"https:\/\/betodoisaum.com.br\/site\/wp-json\/wp\/v2\/municipio?post=9862"}],"curies":[{"name":"wp","href":"https:\/\/api.w.org\/{rel}","templated":true}]}}