{"id":9973,"date":"2024-08-20T15:34:16","date_gmt":"2024-08-20T19:34:16","guid":{"rendered":"https:\/\/betodoisaum.com.br\/site\/?p=9973"},"modified":"2024-08-20T15:34:55","modified_gmt":"2024-08-20T19:34:55","slug":"governo-autoriza-ponte-sobre-o-rio-teles-pires-em-itauba-e-obra-vai-impulsionar-economia","status":"publish","type":"post","link":"https:\/\/betodoisaum.com.br\/site\/governo-autoriza-ponte-sobre-o-rio-teles-pires-em-itauba-e-obra-vai-impulsionar-economia\/","title":{"rendered":"Governo autoriza ponte sobre o Rio Teles Pires em Ita\u00faba e obra vai impulsionar economia"},"content":{"rendered":"\n<p><\/p>\n\n\n\n<p>O governador Mauro Mendes e o vice-governador Otaviano Pivetta deram um passo crucial para o desenvolvimento de Ita\u00faba e regi\u00e3o: a autoriza\u00e7\u00e3o para a abertura de licita\u00e7\u00e3o da constru\u00e7\u00e3o de uma nova ponte sobre o Rio Teles Pires, na MT-479. A ponte, que ter\u00e1 extens\u00e3o de 561 metros, visa facilitar o acesso entre os munic\u00edpios e promover um impulso econ\u00f4mico significativo na \u00e1rea. A autoriza\u00e7\u00e3o para a obra foi assinada na \u00faltima segunda (19).<\/p>\n\n\n\n<p>A constru\u00e7\u00e3o da ponte ter\u00e1 um investimento total de R$ 45,7 milh\u00f5es, e trar\u00e1 grandes melhorias na log\u00edstica de transportes, encurtando a dist\u00e2ncia e o tempo das viagens.<\/p>\n\n\n\n<p>De acordo com o governador, a decis\u00e3o por priorizar a obra se deve \u00e0 import\u00e2ncia estrat\u00e9gica da nova infraestrutura para a regi\u00e3o. &#8220;Esta ponte n\u00e3o apenas vai melhorar a conectividade entre os munic\u00edpios, mas tamb\u00e9m vai abrir novas oportunidades de desenvolvimento econ\u00f4mico e social para toda a regi\u00e3o. Estamos comprometidos em investir em obras que realmente transformem a realidade das comunidades\u201d, afirmou.<\/p>\n\n\n\n<p>J\u00e1 o vice-governador Otaviano Pivetta complementou que Ita\u00faba e o entorno aguardam a constru\u00e7\u00e3o desta ponte, \u201cque ser\u00e1 um marco para o desenvolvimento sustent\u00e1vel, facilitando n\u00e3o s\u00f3 o transporte de pessoas, mas tamb\u00e9m o escoamento da produ\u00e7\u00e3o agr\u00edcola e industrial da regi\u00e3o.&#8221;<\/p>\n\n\n\n<p><strong>Esfor\u00e7o conjunto para viabilizar a obra<\/strong><\/p>\n\n\n\n<p>O secret\u00e1rio da Casa Civil, Fabio Garcia, enfatizou o trabalho conjunto para tornar o projeto uma realidade. &#8220;Recebemos com entusiasmo a demanda do prefeito Toninho Tijolinho, por meio do deputado Beto Dois a Um, que trouxe a necessidade urgente dessa nova ponte. Trabalhamos incansavelmente para viabilizar este projeto que agora se concretiza com a abertura da licita\u00e7\u00e3o.&#8221;<\/p>\n\n\n\n<p>O prefeito de Ita\u00faba, Toninho Tijolinho, expressou sua satisfa\u00e7\u00e3o com o avan\u00e7o da obra. &#8220;Essa ponte ser\u00e1 fundamental para o desenvolvimento econ\u00f4mico e social de nossa cidade e regi\u00e3o. Agrade\u00e7o ao governador e ao vice-governador por atenderem nosso pedido e ao secret\u00e1rio Fabio Garcia pelo empenho em tornar esse projeto uma realidade.&#8221;<\/p>\n\n\n\n<p><strong>Expectativas para o futuro<\/strong><\/p>\n\n\n\n<p>Para o deputado Beto Dois a Um, a constru\u00e7\u00e3o da ponte \u00e9 um marco hist\u00f3rico. &#8220;Esta \u00e9 uma conquista para todos n\u00f3s que lutamos pelo progresso de Ita\u00faba. A nova ponte n\u00e3o s\u00f3 facilitar\u00e1 o acesso, mas tamb\u00e9m fortalecer\u00e1 nossa economia local. Estou certo de que esse investimento ser\u00e1 um divisor de \u00e1guas para o nosso desenvolvimento.&#8221;<\/p>\n\n\n\n<p>Com a abertura da licita\u00e7\u00e3o, em 30 dias, a expectativa \u00e9 que a constru\u00e7\u00e3o da ponte sobre o Rio Teles Pires comece em breve, marcando um novo cap\u00edtulo na infraestrutura e no desenvolvimento de Ita\u00faba e regi\u00e3o. A obra promete n\u00e3o apenas melhorar a mobilidade, mas tamb\u00e9m abrir novas oportunidades para os moradores e empreendedores locais.<\/p>\n","protected":false},"excerpt":{"rendered":"<p>A constru\u00e7\u00e3o da ponte ter\u00e1 um investimento total de R$ 45,7 milh\u00f5es, e trar\u00e1 grandes melhorias na log\u00edstica de transportes, encurtando a dist\u00e2ncia e o tempo das viagens.<\/p>\n","protected":false},"author":9,"featured_media":9974,"comment_status":"open","ping_status":"open","sticky":false,"template":"","format":"standard","meta":{"_acf_changed":false,"footnotes":""},"categories":[27],"tags":[],"municipio":[],"class_list":["post-9973","post","type-post","status-publish","format-standard","has-post-thumbnail","hentry","category-carrousel"],"acf":[],"_links":{"self":[{"href":"https:\/\/betodoisaum.com.br\/site\/wp-json\/wp\/v2\/posts\/9973","targetHints":{"allow":["GET"]}}],"collection":[{"href":"https:\/\/betodoisaum.com.br\/site\/wp-json\/wp\/v2\/posts"}],"about":[{"href":"https:\/\/betodoisaum.com.br\/site\/wp-json\/wp\/v2\/types\/post"}],"author":[{"embeddable":true,"href":"https:\/\/betodoisaum.com.br\/site\/wp-json\/wp\/v2\/users\/9"}],"replies":[{"embeddable":true,"href":"https:\/\/betodoisaum.com.br\/site\/wp-json\/wp\/v2\/comments?post=9973"}],"version-history":[{"count":2,"href":"https:\/\/betodoisaum.com.br\/site\/wp-json\/wp\/v2\/posts\/9973\/revisions"}],"predecessor-version":[{"id":9976,"href":"https:\/\/betodoisaum.com.br\/site\/wp-json\/wp\/v2\/posts\/9973\/revisions\/9976"}],"wp:featuredmedia":[{"embeddable":true,"href":"https:\/\/betodoisaum.com.br\/site\/wp-json\/wp\/v2\/media\/9974"}],"wp:attachment":[{"href":"https:\/\/betodoisaum.com.br\/site\/wp-json\/wp\/v2\/media?parent=9973"}],"wp:term":[{"taxonomy":"category","embeddable":true,"href":"https:\/\/betodoisaum.com.br\/site\/wp-json\/wp\/v2\/categories?post=9973"},{"taxonomy":"post_tag","embeddable":true,"href":"https:\/\/betodoisaum.com.br\/site\/wp-json\/wp\/v2\/tags?post=9973"},{"taxonomy":"municipio","embeddable":true,"href":"https:\/\/betodoisaum.com.br\/site\/wp-json\/wp\/v2\/municipio?post=9973"}],"curies":[{"name":"wp","href":"https:\/\/api.w.org\/{rel}","templated":true}]}}