{"id":9978,"date":"2024-08-21T11:36:03","date_gmt":"2024-08-21T15:36:03","guid":{"rendered":"https:\/\/betodoisaum.com.br\/site\/?p=9978"},"modified":"2024-08-21T11:36:04","modified_gmt":"2024-08-21T15:36:04","slug":"trabalhadores-do-esporte-debatem-futuro-da-classe-em-reuniao-publica-nesta-quinta-feira-29","status":"publish","type":"post","link":"https:\/\/betodoisaum.com.br\/site\/trabalhadores-do-esporte-debatem-futuro-da-classe-em-reuniao-publica-nesta-quinta-feira-29\/","title":{"rendered":"Trabalhadores do esporte debatem futuro da classe em reuni\u00e3o p\u00fablica nesta quinta-feira (29)"},"content":{"rendered":"\n<p>Instalada na Assembleia Legislativa de Mato Grosso, a C\u00e2mara Setorial Tem\u00e1tica (CST) do Esporte tem sua segunda reuni\u00e3o p\u00fablica agendada para a pr\u00f3xima quinta-feira (29.08), a partir das 14h30, no audit\u00f3rio da Arena Pantanal.<\/p>\n\n\n\n<p>Iniciativa do deputado Beto Dois a Um (Uni\u00e3o), a CST tem o objetivo de diagnosticar, avaliar e discutir pol\u00edticas p\u00fablicas para o fortalecimento do esporte em Mato Grosso.<\/p>\n\n\n\n<p>\u201cEsse primeiro momento da CST tem uma fun\u00e7\u00e3o muito espec\u00edfica: ouvir com aten\u00e7\u00e3o as necessidades da classe. \u00c9 muito importante que as pessoas participem porque \u00e9 agora que recolhemos todas as demandas, o que est\u00e1 dando certo e o que n\u00e3o est\u00e1 indo bem\u201d, explica o parlamentar.<\/p>\n\n\n\n<p>Posteriormente, com todas as demandas sugeridas pela classe, ser\u00e3o criados diferentes grupos de trabalhos para buscar solu\u00e7\u00f5es para as principais quest\u00f5es. A CST do Esporte segue por 180 dias (prorrog\u00e1veis por igual per\u00edodo) e est\u00e1 organizada em reuni\u00f5es mensais.<\/p>\n\n\n\n<p>\u201cIn\u00e9dita em Mato Grosso, a maior motiva\u00e7\u00e3o dessa CST do Esporte \u00e9 construir avan\u00e7os permanentes para o setor esportivo. A partir de agora o esporte mato-grossense ganha um novo cap\u00edtulo na hist\u00f3ria. Respeito aos atletas e profissionais se d\u00e1 com investimentos, responsabilidade e gestores competentes. Temos muito trabalho pela frente, e o momento de avan\u00e7ar \u00e9 agora. Temos um governador que acredita no poder transformador do esporte, um time de gestores engajados e uma secretaria de estado comprometida. Vamos construir juntos pol\u00edticas p\u00fablicas poderosas e abrangentes, porque grandes talentos n\u00f3s temos aos montes\u201d, destacou Beto Dois a Um.<\/p>\n\n\n\n<p>Os encontros da C\u00e2mara Setorial Tem\u00e1tica do Esporte s\u00e3o sempre abertos, qualquer cidad\u00e3o ou cidad\u00e3 pode participar.&nbsp;<\/p>\n","protected":false},"excerpt":{"rendered":"<p>Iniciativa do deputado Beto Dois a Um, a CST tem o objetivo de diagnosticar, avaliar e discutir pol\u00edticas p\u00fablicas para o fortalecimento do esporte em MT<\/p>\n","protected":false},"author":2,"featured_media":9979,"comment_status":"open","ping_status":"open","sticky":false,"template":"","format":"standard","meta":{"_acf_changed":false,"footnotes":""},"categories":[27,89,15,12],"tags":[35,48,37],"municipio":[],"class_list":["post-9978","post","type-post","status-publish","format-standard","has-post-thumbnail","hentry","category-carrousel","category-cst-do-esporte","category-esporte","category-geral","tag-assembleia-legislativa","tag-inclusao","tag-politica"],"acf":[],"_links":{"self":[{"href":"https:\/\/betodoisaum.com.br\/site\/wp-json\/wp\/v2\/posts\/9978","targetHints":{"allow":["GET"]}}],"collection":[{"href":"https:\/\/betodoisaum.com.br\/site\/wp-json\/wp\/v2\/posts"}],"about":[{"href":"https:\/\/betodoisaum.com.br\/site\/wp-json\/wp\/v2\/types\/post"}],"author":[{"embeddable":true,"href":"https:\/\/betodoisaum.com.br\/site\/wp-json\/wp\/v2\/users\/2"}],"replies":[{"embeddable":true,"href":"https:\/\/betodoisaum.com.br\/site\/wp-json\/wp\/v2\/comments?post=9978"}],"version-history":[{"count":1,"href":"https:\/\/betodoisaum.com.br\/site\/wp-json\/wp\/v2\/posts\/9978\/revisions"}],"predecessor-version":[{"id":9980,"href":"https:\/\/betodoisaum.com.br\/site\/wp-json\/wp\/v2\/posts\/9978\/revisions\/9980"}],"wp:featuredmedia":[{"embeddable":true,"href":"https:\/\/betodoisaum.com.br\/site\/wp-json\/wp\/v2\/media\/9979"}],"wp:attachment":[{"href":"https:\/\/betodoisaum.com.br\/site\/wp-json\/wp\/v2\/media?parent=9978"}],"wp:term":[{"taxonomy":"category","embeddable":true,"href":"https:\/\/betodoisaum.com.br\/site\/wp-json\/wp\/v2\/categories?post=9978"},{"taxonomy":"post_tag","embeddable":true,"href":"https:\/\/betodoisaum.com.br\/site\/wp-json\/wp\/v2\/tags?post=9978"},{"taxonomy":"municipio","embeddable":true,"href":"https:\/\/betodoisaum.com.br\/site\/wp-json\/wp\/v2\/municipio?post=9978"}],"curies":[{"name":"wp","href":"https:\/\/api.w.org\/{rel}","templated":true}]}}